{"id":19270,"date":"2025-12-05T15:33:11","date_gmt":"2025-12-05T21:33:11","guid":{"rendered":"https:\/\/alcierrenoticias.com\/?p=19270"},"modified":"2025-12-08T18:36:09","modified_gmt":"2025-12-09T00:36:09","slug":"arranca-delicias-operativo-navideno-con-amplio-despliegue-de-seguridad","status":"publish","type":"post","link":"https:\/\/alcierrenoticias.com\/index.php\/2025\/12\/05\/arranca-delicias-operativo-navideno-con-amplio-despliegue-de-seguridad\/","title":{"rendered":"Arranca Delicias Operativo Navide\u00f1o con amplio despliegue de seguridad."},"content":{"rendered":"<p>Con el tradicional banderazo en el C\u00edrculo del Reloj P\u00fablico dio inicio el Operativo Navide\u00f1o en Delicias, en el que participan corporaciones municipales, estatales y federales para fortalecer la seguridad durante la temporada decembrina. Durante el arranque, encabezaron el evento el secretario municipal, Enrique D\u00edaz Valverde, y el director de Seguridad P\u00fablica, V\u00edctor Hugo Soto.<\/p>\n<p>El operativo contempla el incremento de patrullajes y recorridos preventivos en la zona centro y en puntos de mayor afluencia, as\u00ed como rondines constantes en colonias y comunidades. Estas acciones buscan prevenir delitos como robo a casa habitaci\u00f3n, a comercio y a transe\u00fante, adem\u00e1s de reforzar la supervisi\u00f3n en cajeros y bancos.<\/p>\n<p>De igual manera, se brindar\u00e1 seguridad en eventos masivos, ferias, posadas y ventas navide\u00f1as, mientras que Protecci\u00f3n Civil y Bomberos estar\u00e1n atentos a incidentes relacionados con el clima, incendios o accidentes. Tambi\u00e9n se realizar\u00e1n supervisiones en puntos de venta de pirotecnia y difusi\u00f3n de medidas preventivas para su uso responsable.<\/p>\n<p>En materia vial, se aplicar\u00e1n operativos para agilizar el tr\u00e1nsito en horas pico y zonas comerciales, adem\u00e1s de mantener un operativo permanente para prevenir la conducci\u00f3n en estado de ebriedad. Asimismo, se ofrecer\u00e1 informaci\u00f3n y apoyo a turistas y paisanos que circulen por el municipio.<\/p>\n<p>El dispositivo incluye acompa\u00f1amiento a empresas y comercios en el manejo seguro de efectivo, as\u00ed como la vigilancia de accesos y espacios p\u00fablicos. En el banderazo participaron autoridades municipales, estatales, federales y representantes de c\u00e1maras empresariales.<\/p>\n<p>En el evento tambi\u00e9n estuvieron el diputado local, Roberto Carre\u00f3n, la sindica Gabriela Franco, regidores as\u00ed como representantes de la Fiscal\u00eda General del Estado as\u00ed como del Ej\u00e9rcito Mexicano,<\/p>\n","protected":false},"excerpt":{"rendered":"<p>Con el tradicional banderazo en el C\u00edrculo del Reloj P\u00fablico dio inicio el Operativo Navide\u00f1o en Delicias, en el que participan corporaciones municipales, estatales y federales para fortalecer la seguridad durante la temporada decembrina. Durante el arranque, encabezaron el evento el secretario municipal, Enrique D\u00edaz Valverde, y el director de Seguridad P\u00fablica, V\u00edctor Hugo Soto. El operativo contempla el incremento de patrullajes y recorridos preventivos en la zona centro y en puntos de mayor afluencia, as\u00ed como rondines constantes en colonias y comunidades. Estas acciones buscan prevenir delitos como robo a casa habitaci\u00f3n, a comercio y a transe\u00fante, adem\u00e1s de reforzar la supervisi\u00f3n en cajeros y bancos. De igual manera, se brindar\u00e1 seguridad en eventos masivos, ferias, posadas y ventas navide\u00f1as, mientras que Protecci\u00f3n Civil y Bomberos estar\u00e1n atentos a incidentes relacionados con el clima, incendios o accidentes. Tambi\u00e9n se realizar\u00e1n supervisiones en puntos de venta de pirotecnia y difusi\u00f3n de medidas preventivas para su uso responsable. En materia vial, se aplicar\u00e1n operativos para agilizar el tr\u00e1nsito en horas pico y zonas comerciales, adem\u00e1s de mantener un operativo permanente para prevenir la conducci\u00f3n en estado de ebriedad. Asimismo, se ofrecer\u00e1 informaci\u00f3n y apoyo a turistas y paisanos que circulen por el municipio. El dispositivo incluye acompa\u00f1amiento a empresas y comercios en el manejo seguro de efectivo, as\u00ed como la vigilancia de accesos y espacios p\u00fablicos. En el banderazo participaron autoridades municipales, estatales, federales y representantes de c\u00e1maras empresariales. En el evento tambi\u00e9n estuvieron el diputado local, Roberto Carre\u00f3n, la sindica Gabriela Franco, regidores as\u00ed como representantes de la Fiscal\u00eda General del Estado as\u00ed como del Ej\u00e9rcito Mexicano,<\/p>\n","protected":false},"author":2,"featured_media":19271,"comment_status":"open","ping_status":"open","sticky":false,"template":"","format":"standard","meta":{"_monsterinsights_skip_tracking":false,"_monsterinsights_sitenote_active":false,"_monsterinsights_sitenote_note":"","_monsterinsights_sitenote_category":0,"advanced_seo_description":"","jetpack_seo_html_title":"","jetpack_seo_noindex":false,"_jetpack_memberships_contains_paid_content":false,"footnotes":"","jetpack_publicize_message":"","jetpack_publicize_feature_enabled":true,"jetpack_social_post_already_shared":true,"jetpack_social_options":{"image_generator_settings":{"template":"highway","enabled":false},"version":2}},"categories":[135,7,11],"tags":[],"class_list":["post-19270","post","type-post","status-publish","format-standard","has-post-thumbnail","hentry","category-lo-mas-leido","category-local","category-principal"],"jetpack_publicize_connections":[],"jetpack_sharing_enabled":true,"jetpack_featured_media_url":"https:\/\/i0.wp.com\/alcierrenoticias.com\/wp-content\/uploads\/2025\/12\/WhatsApp-Image-2025-12-05-at-3.20.30-PM.jpeg?fit=1280%2C854&ssl=1","amp_enabled":true,"_links":{"self":[{"href":"https:\/\/alcierrenoticias.com\/index.php\/wp-json\/wp\/v2\/posts\/19270","targetHints":{"allow":["GET"]}}],"collection":[{"href":"https:\/\/alcierrenoticias.com\/index.php\/wp-json\/wp\/v2\/posts"}],"about":[{"href":"https:\/\/alcierrenoticias.com\/index.php\/wp-json\/wp\/v2\/types\/post"}],"author":[{"embeddable":true,"href":"https:\/\/alcierrenoticias.com\/index.php\/wp-json\/wp\/v2\/users\/2"}],"replies":[{"embeddable":true,"href":"https:\/\/alcierrenoticias.com\/index.php\/wp-json\/wp\/v2\/comments?post=19270"}],"version-history":[{"count":1,"href":"https:\/\/alcierrenoticias.com\/index.php\/wp-json\/wp\/v2\/posts\/19270\/revisions"}],"predecessor-version":[{"id":19272,"href":"https:\/\/alcierrenoticias.com\/index.php\/wp-json\/wp\/v2\/posts\/19270\/revisions\/19272"}],"wp:featuredmedia":[{"embeddable":true,"href":"https:\/\/alcierrenoticias.com\/index.php\/wp-json\/wp\/v2\/media\/19271"}],"wp:attachment":[{"href":"https:\/\/alcierrenoticias.com\/index.php\/wp-json\/wp\/v2\/media?parent=19270"}],"wp:term":[{"taxonomy":"category","embeddable":true,"href":"https:\/\/alcierrenoticias.com\/index.php\/wp-json\/wp\/v2\/categories?post=19270"},{"taxonomy":"post_tag","embeddable":true,"href":"https:\/\/alcierrenoticias.com\/index.php\/wp-json\/wp\/v2\/tags?post=19270"}],"curies":[{"name":"wp","href":"https:\/\/api.w.org\/{rel}","templated":true}]}}