{"id":19263,"date":"2025-12-05T08:30:13","date_gmt":"2025-12-05T14:30:13","guid":{"rendered":"https:\/\/alcierrenoticias.com\/?p=19263"},"modified":"2025-12-08T18:30:34","modified_gmt":"2025-12-09T00:30:34","slug":"delicias-impulsa-la-inclusion-con-actividades-sensoriales-y-artisticas-en-la-casa-de-la-cultura","status":"publish","type":"post","link":"https:\/\/alcierrenoticias.com\/index.php\/2025\/12\/05\/delicias-impulsa-la-inclusion-con-actividades-sensoriales-y-artisticas-en-la-casa-de-la-cultura\/","title":{"rendered":"Delicias impulsa la inclusi\u00f3n con actividades sensoriales y art\u00edsticas en la Casa de la Cultura."},"content":{"rendered":"<p>En el marco del D\u00eda Internacional de la Discapacidad, se llev\u00f3 a cabo el Quinto festival \u201c1, 2, 3 por todos mis amigos\u201d en las instalaciones de la Casa de Cultura Jes\u00fas Gardea, donde diversas instituciones dedicadas a la atenci\u00f3n de ni\u00f1as, ni\u00f1os, adolescentes y j\u00f3venes con discapacidad participaron con actividades art\u00edsticas, sensoriales y de convivencia.<\/p>\n<p>El director de Desarrollo Humano y Bien Com\u00fan, Enrique Valenzuela L\u00f3pez, destac\u00f3 la importancia de este encuentro que defini\u00f3 como un espacio lleno de uni\u00f3n y sensibilidad social.<\/p>\n<p>\u201cMuy contentos con este evento tan padre, donde se respira amor y un ambiente familiar que tanto nos gusta en Delicias. Aqu\u00ed est\u00e1n instituciones que trabajan d\u00eda con d\u00eda con personas que hacen un gran esfuerzo y logran avances que, aunque peque\u00f1os, significan grandes resultados\u201d, expres\u00f3.<\/p>\n<p>Entre las organizaciones participantes se reconoci\u00f3 el trabajo del Centro Regional de Autismo, Fundaci\u00f3n Vida, el CAM, el grupo \u201cAdaptando Estrellas, as\u00ed como la propia Casa de la Cultura, que fungi\u00f3 como sede del encuentro. Adem\u00e1s, asisti\u00f3 la organizaci\u00f3n Instituci\u00f3n de Chihuahua, encabezada por Mario Guill\u00e9n, que ofreci\u00f3 diversos talleres sensoriales acordes a la tem\u00e1tica del evento.<\/p>\n<p>Valenzuela resalt\u00f3 que las actividades permitieron visibilizar el valor de cada persona, independientemente de sus retos individuales.<\/p>\n<p>\u201cLo m\u00e1s importante es que vimos una expresi\u00f3n muy clara de tratarnos todos como iguales. Tal vez batallamos en un \u00e1rea, pero hay muchas otras que nos componen como personas y es importante destacar aquello que nos hace brillar\u201d, se\u00f1al\u00f3.<\/p>\n<p>Finalmente, el funcionario asegur\u00f3 que, a nombre del alcalde Jes\u00fas Valenciano, se continuar\u00e1 trabajando en la promoci\u00f3n de actividades que fortalezcan la inclusi\u00f3n y la participaci\u00f3n social de todas las personas.<\/p>\n<p>\u201cSeguiremos haciendo equipo e impulsando este tipo de eventos. Nuestro compromiso es seguir trabajando de la mano con todas las instituciones\u201d, concluy\u00f3.<\/p>\n","protected":false},"excerpt":{"rendered":"<p>En el marco del D\u00eda Internacional de la Discapacidad, se llev\u00f3 a cabo el Quinto festival \u201c1, 2, 3 por todos mis amigos\u201d en las instalaciones de la Casa de Cultura Jes\u00fas Gardea, donde diversas instituciones dedicadas a la atenci\u00f3n de ni\u00f1as, ni\u00f1os, adolescentes y j\u00f3venes con discapacidad participaron con actividades art\u00edsticas, sensoriales y de convivencia. El director de Desarrollo Humano y Bien Com\u00fan, Enrique Valenzuela L\u00f3pez, destac\u00f3 la importancia de este encuentro que defini\u00f3 como un espacio lleno de uni\u00f3n y sensibilidad social. \u201cMuy contentos con este evento tan padre, donde se respira amor y un ambiente familiar que tanto nos gusta en Delicias. Aqu\u00ed est\u00e1n instituciones que trabajan d\u00eda con d\u00eda con personas que hacen un gran esfuerzo y logran avances que, aunque peque\u00f1os, significan grandes resultados\u201d, expres\u00f3. Entre las organizaciones participantes se reconoci\u00f3 el trabajo del Centro Regional de Autismo, Fundaci\u00f3n Vida, el CAM, el grupo \u201cAdaptando Estrellas, as\u00ed como la propia Casa de la Cultura, que fungi\u00f3 como sede del encuentro. Adem\u00e1s, asisti\u00f3 la organizaci\u00f3n Instituci\u00f3n de Chihuahua, encabezada por Mario Guill\u00e9n, que ofreci\u00f3 diversos talleres sensoriales acordes a la tem\u00e1tica del evento. Valenzuela resalt\u00f3 que las actividades permitieron visibilizar el valor de cada persona, independientemente de sus retos individuales. \u201cLo m\u00e1s importante es que vimos una expresi\u00f3n muy clara de tratarnos todos como iguales. Tal vez batallamos en un \u00e1rea, pero hay muchas otras que nos componen como personas y es importante destacar aquello que nos hace brillar\u201d, se\u00f1al\u00f3. Finalmente, el funcionario asegur\u00f3 que, a nombre del alcalde Jes\u00fas Valenciano, se continuar\u00e1 trabajando en la promoci\u00f3n de actividades que fortalezcan la inclusi\u00f3n y la participaci\u00f3n social de todas las personas. \u201cSeguiremos haciendo equipo e impulsando este tipo de eventos. Nuestro compromiso es seguir trabajando de la mano con todas las instituciones\u201d, concluy\u00f3.<\/p>\n","protected":false},"author":2,"featured_media":19264,"comment_status":"open","ping_status":"open","sticky":false,"template":"","format":"standard","meta":{"_monsterinsights_skip_tracking":false,"_monsterinsights_sitenote_active":false,"_monsterinsights_sitenote_note":"","_monsterinsights_sitenote_category":0,"advanced_seo_description":"","jetpack_seo_html_title":"","jetpack_seo_noindex":false,"_jetpack_memberships_contains_paid_content":false,"footnotes":"","jetpack_publicize_message":"","jetpack_publicize_feature_enabled":true,"jetpack_social_post_already_shared":true,"jetpack_social_options":{"image_generator_settings":{"template":"highway","enabled":false},"version":2}},"categories":[135,7,11],"tags":[],"class_list":["post-19263","post","type-post","status-publish","format-standard","has-post-thumbnail","hentry","category-lo-mas-leido","category-local","category-principal"],"jetpack_publicize_connections":[],"jetpack_sharing_enabled":true,"jetpack_featured_media_url":"https:\/\/i0.wp.com\/alcierrenoticias.com\/wp-content\/uploads\/2025\/12\/WhatsApp-Image-2025-12-05-at-8.17.11-AM.jpeg?fit=2560%2C1920&ssl=1","amp_enabled":true,"_links":{"self":[{"href":"https:\/\/alcierrenoticias.com\/index.php\/wp-json\/wp\/v2\/posts\/19263","targetHints":{"allow":["GET"]}}],"collection":[{"href":"https:\/\/alcierrenoticias.com\/index.php\/wp-json\/wp\/v2\/posts"}],"about":[{"href":"https:\/\/alcierrenoticias.com\/index.php\/wp-json\/wp\/v2\/types\/post"}],"author":[{"embeddable":true,"href":"https:\/\/alcierrenoticias.com\/index.php\/wp-json\/wp\/v2\/users\/2"}],"replies":[{"embeddable":true,"href":"https:\/\/alcierrenoticias.com\/index.php\/wp-json\/wp\/v2\/comments?post=19263"}],"version-history":[{"count":1,"href":"https:\/\/alcierrenoticias.com\/index.php\/wp-json\/wp\/v2\/posts\/19263\/revisions"}],"predecessor-version":[{"id":19265,"href":"https:\/\/alcierrenoticias.com\/index.php\/wp-json\/wp\/v2\/posts\/19263\/revisions\/19265"}],"wp:featuredmedia":[{"embeddable":true,"href":"https:\/\/alcierrenoticias.com\/index.php\/wp-json\/wp\/v2\/media\/19264"}],"wp:attachment":[{"href":"https:\/\/alcierrenoticias.com\/index.php\/wp-json\/wp\/v2\/media?parent=19263"}],"wp:term":[{"taxonomy":"category","embeddable":true,"href":"https:\/\/alcierrenoticias.com\/index.php\/wp-json\/wp\/v2\/categories?post=19263"},{"taxonomy":"post_tag","embeddable":true,"href":"https:\/\/alcierrenoticias.com\/index.php\/wp-json\/wp\/v2\/tags?post=19263"}],"curies":[{"name":"wp","href":"https:\/\/api.w.org\/{rel}","templated":true}]}}