{"id":19250,"date":"2025-12-04T18:30:02","date_gmt":"2025-12-05T00:30:02","guid":{"rendered":"https:\/\/alcierrenoticias.com\/?p=19250"},"modified":"2025-12-05T00:25:27","modified_gmt":"2025-12-05T06:25:27","slug":"dif-municipal-camargo-invita-a-sumarse-al-radio-teleton-2025-este-viernes-5-de-diciembre","status":"publish","type":"post","link":"https:\/\/alcierrenoticias.com\/index.php\/2025\/12\/04\/dif-municipal-camargo-invita-a-sumarse-al-radio-teleton-2025-este-viernes-5-de-diciembre\/","title":{"rendered":"DIF Municipal Camargo invita a sumarse al Radio Telet\u00f3n 2025 este viernes 5 de diciembre."},"content":{"rendered":"<p>El Gobierno Municipal de Camargo y el DIF Municipal invitan a las y los camarguenses a participar en el Radio Telet\u00f3n 2025, que se realizar\u00e1 este viernes 5 de diciembre en el Sal\u00f3n Mutualista, a partir de las 9:00 a.m.<\/p>\n<p>La presidenta del DIF Municipal, Paulina Chavira, junto con el director de la dependencia, Jorge Espinoza, hicieron un llamado a sumarse a esta causa solidaria. Resaltaron que cada aportaci\u00f3n cuenta y que, por m\u00e1s peque\u00f1a que sea, puede marcar una diferencia para quienes m\u00e1s lo necesitan.<\/p>\n<p>El DIF Municipal reitera su invitaci\u00f3n a todas y todos para asistir al Sal\u00f3n Mutualista y formar parte de este esfuerzo que busca apoyar a ni\u00f1as, ni\u00f1os y adolescentes con discapacidad a trav\u00e9s del Radio Telet\u00f3n.<\/p>\n","protected":false},"excerpt":{"rendered":"<p>El Gobierno Municipal de Camargo y el DIF Municipal invitan a las y los camarguenses a participar en el Radio Telet\u00f3n 2025, que se realizar\u00e1 este viernes 5 de diciembre en el Sal\u00f3n Mutualista, a partir de las 9:00 a.m. La presidenta del DIF Municipal, Paulina Chavira, junto con el director de la dependencia, Jorge Espinoza, hicieron un llamado a sumarse a esta causa solidaria. Resaltaron que cada aportaci\u00f3n cuenta y que, por m\u00e1s peque\u00f1a que sea, puede marcar una diferencia para quienes m\u00e1s lo necesitan. El DIF Municipal reitera su invitaci\u00f3n a todas y todos para asistir al Sal\u00f3n Mutualista y formar parte de este esfuerzo que busca apoyar a ni\u00f1as, ni\u00f1os y adolescentes con discapacidad a trav\u00e9s del Radio Telet\u00f3n.<\/p>\n","protected":false},"author":2,"featured_media":19251,"comment_status":"open","ping_status":"open","sticky":false,"template":"","format":"standard","meta":{"_monsterinsights_skip_tracking":false,"_monsterinsights_sitenote_active":false,"_monsterinsights_sitenote_note":"","_monsterinsights_sitenote_category":0,"advanced_seo_description":"","jetpack_seo_html_title":"","jetpack_seo_noindex":false,"_jetpack_memberships_contains_paid_content":false,"footnotes":"","jetpack_publicize_message":"","jetpack_publicize_feature_enabled":true,"jetpack_social_post_already_shared":true,"jetpack_social_options":{"image_generator_settings":{"template":"highway","enabled":false},"version":2}},"categories":[8,135,11],"tags":[],"class_list":["post-19250","post","type-post","status-publish","format-standard","has-post-thumbnail","hentry","category-estado","category-lo-mas-leido","category-principal"],"jetpack_publicize_connections":[],"jetpack_sharing_enabled":true,"jetpack_featured_media_url":"https:\/\/i0.wp.com\/alcierrenoticias.com\/wp-content\/uploads\/2025\/12\/WhatsApp-Image-2025-12-04-at-8.56.52-PM-1-e1764915889668.jpeg?fit=400%2C500&ssl=1","amp_enabled":true,"_links":{"self":[{"href":"https:\/\/alcierrenoticias.com\/index.php\/wp-json\/wp\/v2\/posts\/19250","targetHints":{"allow":["GET"]}}],"collection":[{"href":"https:\/\/alcierrenoticias.com\/index.php\/wp-json\/wp\/v2\/posts"}],"about":[{"href":"https:\/\/alcierrenoticias.com\/index.php\/wp-json\/wp\/v2\/types\/post"}],"author":[{"embeddable":true,"href":"https:\/\/alcierrenoticias.com\/index.php\/wp-json\/wp\/v2\/users\/2"}],"replies":[{"embeddable":true,"href":"https:\/\/alcierrenoticias.com\/index.php\/wp-json\/wp\/v2\/comments?post=19250"}],"version-history":[{"count":2,"href":"https:\/\/alcierrenoticias.com\/index.php\/wp-json\/wp\/v2\/posts\/19250\/revisions"}],"predecessor-version":[{"id":19253,"href":"https:\/\/alcierrenoticias.com\/index.php\/wp-json\/wp\/v2\/posts\/19250\/revisions\/19253"}],"wp:featuredmedia":[{"embeddable":true,"href":"https:\/\/alcierrenoticias.com\/index.php\/wp-json\/wp\/v2\/media\/19251"}],"wp:attachment":[{"href":"https:\/\/alcierrenoticias.com\/index.php\/wp-json\/wp\/v2\/media?parent=19250"}],"wp:term":[{"taxonomy":"category","embeddable":true,"href":"https:\/\/alcierrenoticias.com\/index.php\/wp-json\/wp\/v2\/categories?post=19250"},{"taxonomy":"post_tag","embeddable":true,"href":"https:\/\/alcierrenoticias.com\/index.php\/wp-json\/wp\/v2\/tags?post=19250"}],"curies":[{"name":"wp","href":"https:\/\/api.w.org\/{rel}","templated":true}]}}