{"id":19246,"date":"2025-12-04T18:19:03","date_gmt":"2025-12-05T00:19:03","guid":{"rendered":"https:\/\/alcierrenoticias.com\/?p=19246"},"modified":"2025-12-05T00:21:48","modified_gmt":"2025-12-05T06:21:48","slug":"dif-municipal-entrega-50-aparatos-funcionales-para-fortalecer-la-inclusion-en-camargo","status":"publish","type":"post","link":"https:\/\/alcierrenoticias.com\/index.php\/2025\/12\/04\/dif-municipal-entrega-50-aparatos-funcionales-para-fortalecer-la-inclusion-en-camargo\/","title":{"rendered":"DIF Municipal entrega 50 aparatos funcionales para fortalecer la inclusi\u00f3n en Camargo."},"content":{"rendered":"<p>El Gobierno Municipal de Camargo, a trav\u00e9s del DIF Municipal, realiz\u00f3 la entrega de 50 aparatos funcionales dirigidos a personas que requieren apoyo para mejorar su movilidad y su calidad de vida. Esta acci\u00f3n fue posible gracias al valioso respaldo del DIF Estatal y de la Beneficencia P\u00fablica, quienes se suman de manera constante a las necesidades de las familias camarguenses.<\/p>\n<p>Durante la jornada, se hizo entrega de diversos apoyos como andadores, bastones, sillas de ruedas y otros dispositivos esenciales para el bienestar de quienes m\u00e1s lo necesitan. Entre estas entregas destac\u00f3 la asignaci\u00f3n de una silla especial a Azul, una ni\u00f1a con par\u00e1lisis cerebral, con el objetivo de brindarle mayor comodidad, seguridad y una postura adecuada que favorezca su d\u00eda a d\u00eda.<\/p>\n<p>El Presidente Municipal, Jorge Aldana, destac\u00f3 que cada aparato funcional entregado representa un avance significativo para construir un Camargo m\u00e1s inclusivo, solidario y humano. Se\u00f1al\u00f3 adem\u00e1s que estas acciones reflejan el compromiso permanente de trabajar con el coraz\u00f3n y mantenerse cerca de la gente, especialmente de quienes enfrentan mayores desaf\u00edos.<\/p>\n<p>El DIF Municipal reafirma su disposici\u00f3n para seguir gestionando apoyos que contribuyan al bienestar de las familias, fortaleciendo la colaboraci\u00f3n con instituciones estatales y de beneficencia que permiten ampliar el impacto de estas acciones.<\/p>\n","protected":false},"excerpt":{"rendered":"<p>El Gobierno Municipal de Camargo, a trav\u00e9s del DIF Municipal, realiz\u00f3 la entrega de 50 aparatos funcionales dirigidos a personas que requieren apoyo para mejorar su movilidad y su calidad de vida. Esta acci\u00f3n fue posible gracias al valioso respaldo del DIF Estatal y de la Beneficencia P\u00fablica, quienes se suman de manera constante a las necesidades de las familias camarguenses. Durante la jornada, se hizo entrega de diversos apoyos como andadores, bastones, sillas de ruedas y otros dispositivos esenciales para el bienestar de quienes m\u00e1s lo necesitan. Entre estas entregas destac\u00f3 la asignaci\u00f3n de una silla especial a Azul, una ni\u00f1a con par\u00e1lisis cerebral, con el objetivo de brindarle mayor comodidad, seguridad y una postura adecuada que favorezca su d\u00eda a d\u00eda. El Presidente Municipal, Jorge Aldana, destac\u00f3 que cada aparato funcional entregado representa un avance significativo para construir un Camargo m\u00e1s inclusivo, solidario y humano. Se\u00f1al\u00f3 adem\u00e1s que estas acciones reflejan el compromiso permanente de trabajar con el coraz\u00f3n y mantenerse cerca de la gente, especialmente de quienes enfrentan mayores desaf\u00edos. El DIF Municipal reafirma su disposici\u00f3n para seguir gestionando apoyos que contribuyan al bienestar de las familias, fortaleciendo la colaboraci\u00f3n con instituciones estatales y de beneficencia que permiten ampliar el impacto de estas acciones.<\/p>\n","protected":false},"author":2,"featured_media":19247,"comment_status":"open","ping_status":"open","sticky":false,"template":"","format":"standard","meta":{"_monsterinsights_skip_tracking":false,"_monsterinsights_sitenote_active":false,"_monsterinsights_sitenote_note":"","_monsterinsights_sitenote_category":0,"advanced_seo_description":"","jetpack_seo_html_title":"","jetpack_seo_noindex":false,"_jetpack_memberships_contains_paid_content":false,"footnotes":"","jetpack_publicize_message":"","jetpack_publicize_feature_enabled":true,"jetpack_social_post_already_shared":true,"jetpack_social_options":{"image_generator_settings":{"template":"highway","enabled":false},"version":2}},"categories":[8,135,11],"tags":[],"class_list":["post-19246","post","type-post","status-publish","format-standard","has-post-thumbnail","hentry","category-estado","category-lo-mas-leido","category-principal"],"jetpack_publicize_connections":[],"jetpack_sharing_enabled":true,"jetpack_featured_media_url":"https:\/\/i0.wp.com\/alcierrenoticias.com\/wp-content\/uploads\/2025\/12\/WhatsApp-Image-2025-12-04-at-8.56.52-PM.jpeg?fit=1500%2C1000&ssl=1","amp_enabled":true,"_links":{"self":[{"href":"https:\/\/alcierrenoticias.com\/index.php\/wp-json\/wp\/v2\/posts\/19246","targetHints":{"allow":["GET"]}}],"collection":[{"href":"https:\/\/alcierrenoticias.com\/index.php\/wp-json\/wp\/v2\/posts"}],"about":[{"href":"https:\/\/alcierrenoticias.com\/index.php\/wp-json\/wp\/v2\/types\/post"}],"author":[{"embeddable":true,"href":"https:\/\/alcierrenoticias.com\/index.php\/wp-json\/wp\/v2\/users\/2"}],"replies":[{"embeddable":true,"href":"https:\/\/alcierrenoticias.com\/index.php\/wp-json\/wp\/v2\/comments?post=19246"}],"version-history":[{"count":2,"href":"https:\/\/alcierrenoticias.com\/index.php\/wp-json\/wp\/v2\/posts\/19246\/revisions"}],"predecessor-version":[{"id":19249,"href":"https:\/\/alcierrenoticias.com\/index.php\/wp-json\/wp\/v2\/posts\/19246\/revisions\/19249"}],"wp:featuredmedia":[{"embeddable":true,"href":"https:\/\/alcierrenoticias.com\/index.php\/wp-json\/wp\/v2\/media\/19247"}],"wp:attachment":[{"href":"https:\/\/alcierrenoticias.com\/index.php\/wp-json\/wp\/v2\/media?parent=19246"}],"wp:term":[{"taxonomy":"category","embeddable":true,"href":"https:\/\/alcierrenoticias.com\/index.php\/wp-json\/wp\/v2\/categories?post=19246"},{"taxonomy":"post_tag","embeddable":true,"href":"https:\/\/alcierrenoticias.com\/index.php\/wp-json\/wp\/v2\/tags?post=19246"}],"curies":[{"name":"wp","href":"https:\/\/api.w.org\/{rel}","templated":true}]}}