{"id":19237,"date":"2025-12-04T14:20:09","date_gmt":"2025-12-04T20:20:09","guid":{"rendered":"https:\/\/alcierrenoticias.com\/?p=19237"},"modified":"2025-12-05T00:15:05","modified_gmt":"2025-12-05T06:15:05","slug":"emite-gobierno-de-meoqui-recomendaciones-ante-proximo-inicio-de-temporada-de-podas","status":"publish","type":"post","link":"https:\/\/alcierrenoticias.com\/index.php\/2025\/12\/04\/emite-gobierno-de-meoqui-recomendaciones-ante-proximo-inicio-de-temporada-de-podas\/","title":{"rendered":"Emite Gobierno de Meoqui recomendaciones ante pr\u00f3ximo inicio de temporada de podas."},"content":{"rendered":"<p>Permisos se emitir\u00e1n a partir del 15 de diciembre; quien realice podas antes de tiempo podr\u00eda ser sancionado<\/p>\n<p>El Gobierno Municipal de Meoqui, a trav\u00e9s de la Direcci\u00f3n de Servicios P\u00fablicos, inform\u00f3 que a\u00fan no se encuentran autorizadas las podas de \u00e1rboles, debido a que la temporada oficial inicia con la llegada de las primeras heladas, por lo que dieron a conocer algunas recomendaciones tales como recibir asesor\u00eda adecuada y evitar pr\u00e1cticas realizadas por personas no capacitadas, as\u00ed como esperar al tiempo correspondiente para realizar las mismas.<\/p>\n<p>El director de Servicios P\u00fablicos Municipales, Noe Legarreta, explic\u00f3 que actualmente no se est\u00e1n otorgando permisos, ya que las condiciones clim\u00e1ticas todav\u00eda no permiten realizar podas sin afectar la salud del \u00e1rbol, a\u00f1adiendo que la alcaldesa Miriam Soto ha estado al pendiente de brindar informaci\u00f3n clara y oportuna a la ciudadan\u00eda, con el prop\u00f3sito de proteger las \u00e1reas verdes del municipio.<\/p>\n<p>\u201cLa temporada de poda inicia con las primeras heladas. Aunque no podemos precisar una fecha exacta, a partir del 15 de diciembre se podr\u00e1n considerar los permisos. Antes de eso, no se debe podar ning\u00fan tipo de \u00e1rbol, porque todav\u00eda no es temporada y no hay fr\u00edos considerables\u201d, sostuvo, agregando que las personas que sean sorprendidas realizando podas sin autorizaci\u00f3n podr\u00edan incurrir en una sanci\u00f3n, por lo que se invit\u00f3 a la ciudadan\u00eda a esperar las fechas oficiales y evitar da\u00f1os al ecosistema urbano.<\/p>\n<p>Asimismo, se\u00f1al\u00f3 que los permisos ser\u00e1n emitidos a trav\u00e9s del Departamento de Desarrollo Urbano y Ecolog\u00eda, donde los interesados podr\u00e1n solicitar informaci\u00f3n y orientaci\u00f3n sobre podas adecuadas. Adem\u00e1s, anunci\u00f3 que a partir del 15 de diciembre se habilitar\u00e1 un centro de acopio para la trituraci\u00f3n de ramas, con el fin de producir composta y material vegetal que ser\u00e1 utilizado en la pr\u00f3xima temporada de primavera.<\/p>\n<p>Finalmente, invit\u00f3 a la poblaci\u00f3n a acercarse a Servicios P\u00fablicos Municipales o a Desarrollo Urbano y Ecolog\u00eda para recibir la orientaci\u00f3n correspondiente para evitar alguna sanci\u00f3n.<\/p>\n","protected":false},"excerpt":{"rendered":"<p>Permisos se emitir\u00e1n a partir del 15 de diciembre; quien realice podas antes de tiempo podr\u00eda ser sancionado El Gobierno Municipal de Meoqui, a trav\u00e9s de la Direcci\u00f3n de Servicios P\u00fablicos, inform\u00f3 que a\u00fan no se encuentran autorizadas las podas de \u00e1rboles, debido a que la temporada oficial inicia con la llegada de las primeras heladas, por lo que dieron a conocer algunas recomendaciones tales como recibir asesor\u00eda adecuada y evitar pr\u00e1cticas realizadas por personas no capacitadas, as\u00ed como esperar al tiempo correspondiente para realizar las mismas. El director de Servicios P\u00fablicos Municipales, Noe Legarreta, explic\u00f3 que actualmente no se est\u00e1n otorgando permisos, ya que las condiciones clim\u00e1ticas todav\u00eda no permiten realizar podas sin afectar la salud del \u00e1rbol, a\u00f1adiendo que la alcaldesa Miriam Soto ha estado al pendiente de brindar informaci\u00f3n clara y oportuna a la ciudadan\u00eda, con el prop\u00f3sito de proteger las \u00e1reas verdes del municipio. \u201cLa temporada de poda inicia con las primeras heladas. Aunque no podemos precisar una fecha exacta, a partir del 15 de diciembre se podr\u00e1n considerar los permisos. Antes de eso, no se debe podar ning\u00fan tipo de \u00e1rbol, porque todav\u00eda no es temporada y no hay fr\u00edos considerables\u201d, sostuvo, agregando que las personas que sean sorprendidas realizando podas sin autorizaci\u00f3n podr\u00edan incurrir en una sanci\u00f3n, por lo que se invit\u00f3 a la ciudadan\u00eda a esperar las fechas oficiales y evitar da\u00f1os al ecosistema urbano. Asimismo, se\u00f1al\u00f3 que los permisos ser\u00e1n emitidos a trav\u00e9s del Departamento de Desarrollo Urbano y Ecolog\u00eda, donde los interesados podr\u00e1n solicitar informaci\u00f3n y orientaci\u00f3n sobre podas adecuadas. Adem\u00e1s, anunci\u00f3 que a partir del 15 de diciembre se habilitar\u00e1 un centro de acopio para la trituraci\u00f3n de ramas, con el fin de producir composta y material vegetal que ser\u00e1 utilizado en la pr\u00f3xima temporada de primavera. Finalmente, invit\u00f3 a la poblaci\u00f3n a acercarse a Servicios P\u00fablicos Municipales o a Desarrollo Urbano y Ecolog\u00eda para recibir la orientaci\u00f3n correspondiente para evitar alguna sanci\u00f3n.<\/p>\n","protected":false},"author":2,"featured_media":19238,"comment_status":"open","ping_status":"open","sticky":false,"template":"","format":"standard","meta":{"_monsterinsights_skip_tracking":false,"_monsterinsights_sitenote_active":false,"_monsterinsights_sitenote_note":"","_monsterinsights_sitenote_category":0,"advanced_seo_description":"","jetpack_seo_html_title":"","jetpack_seo_noindex":false,"_jetpack_memberships_contains_paid_content":false,"footnotes":"","jetpack_publicize_message":"","jetpack_publicize_feature_enabled":true,"jetpack_social_post_already_shared":true,"jetpack_social_options":{"image_generator_settings":{"template":"highway","enabled":false},"version":2}},"categories":[135,7,11],"tags":[],"class_list":["post-19237","post","type-post","status-publish","format-standard","has-post-thumbnail","hentry","category-lo-mas-leido","category-local","category-principal"],"jetpack_publicize_connections":[],"jetpack_sharing_enabled":true,"jetpack_featured_media_url":"https:\/\/i0.wp.com\/alcierrenoticias.com\/wp-content\/uploads\/2025\/12\/WhatsApp-Image-2025-12-04-at-1.56.43-PM.jpeg?fit=1280%2C853&ssl=1","amp_enabled":true,"_links":{"self":[{"href":"https:\/\/alcierrenoticias.com\/index.php\/wp-json\/wp\/v2\/posts\/19237","targetHints":{"allow":["GET"]}}],"collection":[{"href":"https:\/\/alcierrenoticias.com\/index.php\/wp-json\/wp\/v2\/posts"}],"about":[{"href":"https:\/\/alcierrenoticias.com\/index.php\/wp-json\/wp\/v2\/types\/post"}],"author":[{"embeddable":true,"href":"https:\/\/alcierrenoticias.com\/index.php\/wp-json\/wp\/v2\/users\/2"}],"replies":[{"embeddable":true,"href":"https:\/\/alcierrenoticias.com\/index.php\/wp-json\/wp\/v2\/comments?post=19237"}],"version-history":[{"count":1,"href":"https:\/\/alcierrenoticias.com\/index.php\/wp-json\/wp\/v2\/posts\/19237\/revisions"}],"predecessor-version":[{"id":19239,"href":"https:\/\/alcierrenoticias.com\/index.php\/wp-json\/wp\/v2\/posts\/19237\/revisions\/19239"}],"wp:featuredmedia":[{"embeddable":true,"href":"https:\/\/alcierrenoticias.com\/index.php\/wp-json\/wp\/v2\/media\/19238"}],"wp:attachment":[{"href":"https:\/\/alcierrenoticias.com\/index.php\/wp-json\/wp\/v2\/media?parent=19237"}],"wp:term":[{"taxonomy":"category","embeddable":true,"href":"https:\/\/alcierrenoticias.com\/index.php\/wp-json\/wp\/v2\/categories?post=19237"},{"taxonomy":"post_tag","embeddable":true,"href":"https:\/\/alcierrenoticias.com\/index.php\/wp-json\/wp\/v2\/tags?post=19237"}],"curies":[{"name":"wp","href":"https:\/\/api.w.org\/{rel}","templated":true}]}}