{"id":19233,"date":"2025-12-04T14:15:20","date_gmt":"2025-12-04T20:15:20","guid":{"rendered":"https:\/\/alcierrenoticias.com\/?p=19233"},"modified":"2025-12-05T00:15:51","modified_gmt":"2025-12-05T06:15:51","slug":"invitan-a-la-ultima-feria-de-emprendedores-del-ano-durante-el-festival-navidad-con-amor-en-meoqui","status":"publish","type":"post","link":"https:\/\/alcierrenoticias.com\/index.php\/2025\/12\/04\/invitan-a-la-ultima-feria-de-emprendedores-del-ano-durante-el-festival-navidad-con-amor-en-meoqui\/","title":{"rendered":"Invitan a la \u00faltima Feria de Emprendedores del a\u00f1o durante el Festival \u201cNavidad con Amor\u201d en Meoqui."},"content":{"rendered":"<p>M\u00e1s de 25 emprendedores participar\u00e1n este domingo 7 en la plaza principal a partir de las 6 de la tarde<\/p>\n<p>Con la participaci\u00f3n de m\u00e1s de 25 emprendedores, se llevar\u00e1 a cabo en Meoqui la Feria \u201cProduciendo con Amor\u201d durante el Festival \u201cNavidad con Amor\u201d este domingo 7 de diciembre a partir de las 6 de la tarde, donde productores de la regi\u00f3n ofertaran sus productos elaborados 100% de forma artesanal.<\/p>\n<p>\u201cLa encomienda de nuestra alcaldesa, la arquitecta Miriam Soto, es impulsar estos espacios que representan una gran oportunidad para el crecimiento del comercio local y que impactan de manera positiva en la econom\u00eda familiar de nuestros productores\u201d, se\u00f1al\u00f3 Alan Mata, director de Desarrollo Econ\u00f3mico y Turismo.<\/p>\n<p>Asimismo, reiter\u00f3 la invitaci\u00f3n a los emprendedores que a\u00fan no forman parte de estas actividades a acercarse a la Direcci\u00f3n de Desarrollo Econ\u00f3mico para integrarse a la red municipal y participar en futuras ediciones.<\/p>\n<p>Adem\u00e1s, record\u00f3 que los productos regionales pueden encontrarse tambi\u00e9n el la Tienda \u201cHecho en Meoqui\u201d: \u201cContamos con nuestra tienda Hecho en Meoqui, donde se ofertan m\u00e1s de 100 productos de identidad local y de la regi\u00f3n, artesan\u00edas rar\u00e1muri y art\u00edculos de valor agregado\u201d, explic\u00f3.<\/p>\n<p>Finalmente, mencion\u00f3 que la tienda opera de mi\u00e9rcoles a domingo, de 10:00 am a 1:00 pm y de 3:00 pm a 6:00 pm, ubicada en la zona restaurantera del Vado, invitando a visitantes, familias y paisanos a aprovechar su visita para adquirir productos locales.<\/p>\n","protected":false},"excerpt":{"rendered":"<p>M\u00e1s de 25 emprendedores participar\u00e1n este domingo 7 en la plaza principal a partir de las 6 de la tarde Con la participaci\u00f3n de m\u00e1s de 25 emprendedores, se llevar\u00e1 a cabo en Meoqui la Feria \u201cProduciendo con Amor\u201d durante el Festival \u201cNavidad con Amor\u201d este domingo 7 de diciembre a partir de las 6 de la tarde, donde productores de la regi\u00f3n ofertaran sus productos elaborados 100% de forma artesanal. \u201cLa encomienda de nuestra alcaldesa, la arquitecta Miriam Soto, es impulsar estos espacios que representan una gran oportunidad para el crecimiento del comercio local y que impactan de manera positiva en la econom\u00eda familiar de nuestros productores\u201d, se\u00f1al\u00f3 Alan Mata, director de Desarrollo Econ\u00f3mico y Turismo. Asimismo, reiter\u00f3 la invitaci\u00f3n a los emprendedores que a\u00fan no forman parte de estas actividades a acercarse a la Direcci\u00f3n de Desarrollo Econ\u00f3mico para integrarse a la red municipal y participar en futuras ediciones. Adem\u00e1s, record\u00f3 que los productos regionales pueden encontrarse tambi\u00e9n el la Tienda \u201cHecho en Meoqui\u201d: \u201cContamos con nuestra tienda Hecho en Meoqui, donde se ofertan m\u00e1s de 100 productos de identidad local y de la regi\u00f3n, artesan\u00edas rar\u00e1muri y art\u00edculos de valor agregado\u201d, explic\u00f3. Finalmente, mencion\u00f3 que la tienda opera de mi\u00e9rcoles a domingo, de 10:00 am a 1:00 pm y de 3:00 pm a 6:00 pm, ubicada en la zona restaurantera del Vado, invitando a visitantes, familias y paisanos a aprovechar su visita para adquirir productos locales.<\/p>\n","protected":false},"author":2,"featured_media":19234,"comment_status":"open","ping_status":"open","sticky":false,"template":"","format":"standard","meta":{"_monsterinsights_skip_tracking":false,"_monsterinsights_sitenote_active":false,"_monsterinsights_sitenote_note":"","_monsterinsights_sitenote_category":0,"advanced_seo_description":"","jetpack_seo_html_title":"","jetpack_seo_noindex":false,"_jetpack_memberships_contains_paid_content":false,"footnotes":"","jetpack_publicize_message":"","jetpack_publicize_feature_enabled":true,"jetpack_social_post_already_shared":true,"jetpack_social_options":{"image_generator_settings":{"template":"highway","enabled":false},"version":2}},"categories":[135,7,11],"tags":[],"class_list":["post-19233","post","type-post","status-publish","format-standard","has-post-thumbnail","hentry","category-lo-mas-leido","category-local","category-principal"],"jetpack_publicize_connections":[],"jetpack_sharing_enabled":true,"jetpack_featured_media_url":"https:\/\/i0.wp.com\/alcierrenoticias.com\/wp-content\/uploads\/2025\/12\/WhatsApp-Image-2025-12-04-at-1.56.42-PM-1.jpeg?fit=1280%2C853&ssl=1","amp_enabled":true,"_links":{"self":[{"href":"https:\/\/alcierrenoticias.com\/index.php\/wp-json\/wp\/v2\/posts\/19233","targetHints":{"allow":["GET"]}}],"collection":[{"href":"https:\/\/alcierrenoticias.com\/index.php\/wp-json\/wp\/v2\/posts"}],"about":[{"href":"https:\/\/alcierrenoticias.com\/index.php\/wp-json\/wp\/v2\/types\/post"}],"author":[{"embeddable":true,"href":"https:\/\/alcierrenoticias.com\/index.php\/wp-json\/wp\/v2\/users\/2"}],"replies":[{"embeddable":true,"href":"https:\/\/alcierrenoticias.com\/index.php\/wp-json\/wp\/v2\/comments?post=19233"}],"version-history":[{"count":1,"href":"https:\/\/alcierrenoticias.com\/index.php\/wp-json\/wp\/v2\/posts\/19233\/revisions"}],"predecessor-version":[{"id":19235,"href":"https:\/\/alcierrenoticias.com\/index.php\/wp-json\/wp\/v2\/posts\/19233\/revisions\/19235"}],"wp:featuredmedia":[{"embeddable":true,"href":"https:\/\/alcierrenoticias.com\/index.php\/wp-json\/wp\/v2\/media\/19234"}],"wp:attachment":[{"href":"https:\/\/alcierrenoticias.com\/index.php\/wp-json\/wp\/v2\/media?parent=19233"}],"wp:term":[{"taxonomy":"category","embeddable":true,"href":"https:\/\/alcierrenoticias.com\/index.php\/wp-json\/wp\/v2\/categories?post=19233"},{"taxonomy":"post_tag","embeddable":true,"href":"https:\/\/alcierrenoticias.com\/index.php\/wp-json\/wp\/v2\/tags?post=19233"}],"curies":[{"name":"wp","href":"https:\/\/api.w.org\/{rel}","templated":true}]}}