{"id":19221,"date":"2025-12-04T13:04:02","date_gmt":"2025-12-04T19:04:02","guid":{"rendered":"https:\/\/alcierrenoticias.com\/?p=19221"},"modified":"2025-12-04T23:56:57","modified_gmt":"2025-12-05T05:56:57","slug":"celebra-valenciano-el-legado-de-10-nuevos-miembros-del-salon-de-la-fama-de-delicias","status":"publish","type":"post","link":"https:\/\/alcierrenoticias.com\/index.php\/2025\/12\/04\/celebra-valenciano-el-legado-de-10-nuevos-miembros-del-salon-de-la-fama-de-delicias\/","title":{"rendered":"Celebra Valenciano el legado de 10 nuevos miembros del Sal\u00f3n de la Fama de Delicias."},"content":{"rendered":"<p>En una sesi\u00f3n solemne de Cabildo y ante la presencia de familiares, amigos y autoridades municipales, se celebr\u00f3 la ceremonia de entronizaci\u00f3n al Sal\u00f3n de la Fama en las instalaciones del Polideportivo Bicentenario de Delicias, Chihuahua. El acto fue encabezado por el presidente municipal Jes\u00fas Valenciano Garc\u00eda, quien destac\u00f3 la trascendencia de reconocer a quienes, con disciplina y entrega, han construido la grandeza deportiva de la ciudad.<\/p>\n<p>Durante el evento, se present\u00f3 a cada uno de los entronizados con una breve rese\u00f1a, para posteriormente dar paso a los mensajes de agradecimiento emitidos por ellos mismos o por familiares en el caso de los ya fallecidos.<\/p>\n<p>En su mensaje, el alcalde resalt\u00f3 que Delicias es ejemplo en M\u00e9xico gracias al esfuerzo de sus deportistas, entrenadores, directivos y promotores, cuya pasi\u00f3n ha permitido que la ciudad destaque en distintas disciplinas. Asimismo, celebr\u00f3 la inclusi\u00f3n de los diez nuevos integrantes del Sal\u00f3n de la Fama: Alfredo Landeros Garc\u00eda, Claudia \u00c1frica Pinedo Valencia, Enrique Soto Dur\u00e1n, Guadalupe Rivera Lozoya, Gilberto Morales N\u00fa\u00f1ez, Benjam\u00edn Gandarilla, Pepe Acosta, Abel Franco Arizpe, Manuel Soto Zapata y Miguel Navarro, todos reconocidos por su sobresaliente trayectoria y por su aportaci\u00f3n al desarrollo deportivo local.<\/p>\n<p>A lo largo de la ceremonia, se destac\u00f3 que cada uno de los entronizados ha dejado una huella profunda en la comunidad, ya sea desde las pistas, los diamantes, los tatamis, las direcciones deportivas o la labor de promoci\u00f3n y cr\u00f3nica que ha dado identidad al deporte en Delicias. Sus contribuciones, coinciden autoridades y asistentes, representan un legado que ha inspirado a m\u00faltiples generaciones y que continuar\u00e1 motivando a la ni\u00f1ez y juventud de la regi\u00f3n.<\/p>\n<p>Los mensajes de agradecimiento, cargados de emoci\u00f3n y orgullo, recordaron los a\u00f1os de esfuerzo, constancia y sacrificio que marcaron cada una de las trayectorias reconocidas. Familiares y homenajeados coincidieron en que este nombramiento no solo honra la dedicaci\u00f3n de quienes reciben el reconocimiento, sino tambi\u00e9n el apoyo comunitario que los acompa\u00f1\u00f3 a lo largo de sus carreras.<\/p>\n<p>La ceremonia concluy\u00f3 con un llamado a seguir impulsando el deporte como herramienta de formaci\u00f3n y transformaci\u00f3n social. El presidente municipal destac\u00f3 que el Sal\u00f3n de la Fama es testigo del talento, perseverancia y coraz\u00f3n de quienes han engrandecido a Delicias, y subray\u00f3 que el legado de los nuevos entronizados seguir\u00e1 vivo en las futuras generaciones que hoy encuentran en ellos un ejemplo a seguir.<\/p>\n<p>En el presidium estuvo integrado por el<br \/>\nDiputado Roberto Carre\u00f3n, el subsecretario de Educaci\u00f3n en el estado, Guillermo M\u00e1rquez, Ricardo Morales presidente del C\u00edrculo de Cronistas Deportivos &#8216;Manuel Gallegos Ferrales&#8217;, el director del Inmudej, Miguel Aguirre y el deportista Karin R\u00edos atleta que represent\u00f3 a Delicias en los juegos sordo Ol\u00edmpicos en Tokio 2025.<\/p>\n","protected":false},"excerpt":{"rendered":"<p>En una sesi\u00f3n solemne de Cabildo y ante la presencia de familiares, amigos y autoridades municipales, se celebr\u00f3 la ceremonia de entronizaci\u00f3n al Sal\u00f3n de la Fama en las instalaciones del Polideportivo Bicentenario de Delicias, Chihuahua. El acto fue encabezado por el presidente municipal Jes\u00fas Valenciano Garc\u00eda, quien destac\u00f3 la trascendencia de reconocer a quienes, con disciplina y entrega, han construido la grandeza deportiva de la ciudad. Durante el evento, se present\u00f3 a cada uno de los entronizados con una breve rese\u00f1a, para posteriormente dar paso a los mensajes de agradecimiento emitidos por ellos mismos o por familiares en el caso de los ya fallecidos. En su mensaje, el alcalde resalt\u00f3 que Delicias es ejemplo en M\u00e9xico gracias al esfuerzo de sus deportistas, entrenadores, directivos y promotores, cuya pasi\u00f3n ha permitido que la ciudad destaque en distintas disciplinas. Asimismo, celebr\u00f3 la inclusi\u00f3n de los diez nuevos integrantes del Sal\u00f3n de la Fama: Alfredo Landeros Garc\u00eda, Claudia \u00c1frica Pinedo Valencia, Enrique Soto Dur\u00e1n, Guadalupe Rivera Lozoya, Gilberto Morales N\u00fa\u00f1ez, Benjam\u00edn Gandarilla, Pepe Acosta, Abel Franco Arizpe, Manuel Soto Zapata y Miguel Navarro, todos reconocidos por su sobresaliente trayectoria y por su aportaci\u00f3n al desarrollo deportivo local. A lo largo de la ceremonia, se destac\u00f3 que cada uno de los entronizados ha dejado una huella profunda en la comunidad, ya sea desde las pistas, los diamantes, los tatamis, las direcciones deportivas o la labor de promoci\u00f3n y cr\u00f3nica que ha dado identidad al deporte en Delicias. Sus contribuciones, coinciden autoridades y asistentes, representan un legado que ha inspirado a m\u00faltiples generaciones y que continuar\u00e1 motivando a la ni\u00f1ez y juventud de la regi\u00f3n. Los mensajes de agradecimiento, cargados de emoci\u00f3n y orgullo, recordaron los a\u00f1os de esfuerzo, constancia y sacrificio que marcaron cada una de las trayectorias reconocidas. Familiares y homenajeados coincidieron en que este nombramiento no solo honra la dedicaci\u00f3n de quienes reciben el reconocimiento, sino tambi\u00e9n el apoyo comunitario que los acompa\u00f1\u00f3 a lo largo de sus carreras. La ceremonia concluy\u00f3 con un llamado a seguir impulsando el deporte como herramienta de formaci\u00f3n y transformaci\u00f3n social. El presidente municipal destac\u00f3 que el Sal\u00f3n de la Fama es testigo del talento, perseverancia y coraz\u00f3n de quienes han engrandecido a Delicias, y subray\u00f3 que el legado de los nuevos entronizados seguir\u00e1 vivo en las futuras generaciones que hoy encuentran en ellos un ejemplo a seguir. En el presidium estuvo integrado por el Diputado Roberto Carre\u00f3n, el subsecretario de Educaci\u00f3n en el estado, Guillermo M\u00e1rquez, Ricardo Morales presidente del C\u00edrculo de Cronistas Deportivos &#8216;Manuel Gallegos Ferrales&#8217;, el director del Inmudej, Miguel Aguirre y el deportista Karin R\u00edos atleta que represent\u00f3 a Delicias en los juegos sordo Ol\u00edmpicos en Tokio 2025.<\/p>\n","protected":false},"author":2,"featured_media":19222,"comment_status":"open","ping_status":"open","sticky":false,"template":"","format":"standard","meta":{"_monsterinsights_skip_tracking":false,"_monsterinsights_sitenote_active":false,"_monsterinsights_sitenote_note":"","_monsterinsights_sitenote_category":0,"advanced_seo_description":"","jetpack_seo_html_title":"","jetpack_seo_noindex":false,"_jetpack_memberships_contains_paid_content":false,"footnotes":"","jetpack_publicize_message":"","jetpack_publicize_feature_enabled":true,"jetpack_social_post_already_shared":true,"jetpack_social_options":{"image_generator_settings":{"template":"highway","enabled":false},"version":2}},"categories":[135,7,11],"tags":[],"class_list":["post-19221","post","type-post","status-publish","format-standard","has-post-thumbnail","hentry","category-lo-mas-leido","category-local","category-principal"],"jetpack_publicize_connections":[],"jetpack_sharing_enabled":true,"jetpack_featured_media_url":"https:\/\/i0.wp.com\/alcierrenoticias.com\/wp-content\/uploads\/2025\/12\/WhatsApp-Image-2025-12-04-at-12.52.25-PM.jpeg?fit=2560%2C1706&ssl=1","amp_enabled":true,"_links":{"self":[{"href":"https:\/\/alcierrenoticias.com\/index.php\/wp-json\/wp\/v2\/posts\/19221","targetHints":{"allow":["GET"]}}],"collection":[{"href":"https:\/\/alcierrenoticias.com\/index.php\/wp-json\/wp\/v2\/posts"}],"about":[{"href":"https:\/\/alcierrenoticias.com\/index.php\/wp-json\/wp\/v2\/types\/post"}],"author":[{"embeddable":true,"href":"https:\/\/alcierrenoticias.com\/index.php\/wp-json\/wp\/v2\/users\/2"}],"replies":[{"embeddable":true,"href":"https:\/\/alcierrenoticias.com\/index.php\/wp-json\/wp\/v2\/comments?post=19221"}],"version-history":[{"count":2,"href":"https:\/\/alcierrenoticias.com\/index.php\/wp-json\/wp\/v2\/posts\/19221\/revisions"}],"predecessor-version":[{"id":19224,"href":"https:\/\/alcierrenoticias.com\/index.php\/wp-json\/wp\/v2\/posts\/19221\/revisions\/19224"}],"wp:featuredmedia":[{"embeddable":true,"href":"https:\/\/alcierrenoticias.com\/index.php\/wp-json\/wp\/v2\/media\/19222"}],"wp:attachment":[{"href":"https:\/\/alcierrenoticias.com\/index.php\/wp-json\/wp\/v2\/media?parent=19221"}],"wp:term":[{"taxonomy":"category","embeddable":true,"href":"https:\/\/alcierrenoticias.com\/index.php\/wp-json\/wp\/v2\/categories?post=19221"},{"taxonomy":"post_tag","embeddable":true,"href":"https:\/\/alcierrenoticias.com\/index.php\/wp-json\/wp\/v2\/tags?post=19221"}],"curies":[{"name":"wp","href":"https:\/\/api.w.org\/{rel}","templated":true}]}}