{"id":19213,"date":"2025-12-03T17:23:28","date_gmt":"2025-12-03T23:23:28","guid":{"rendered":"https:\/\/alcierrenoticias.com\/?p=19213"},"modified":"2025-12-04T23:50:59","modified_gmt":"2025-12-05T05:50:59","slug":"anuncian-la-50a-edicion-de-la-carrera-san-silvestre-sortearan-un-automovil-entre-los-participantes","status":"publish","type":"post","link":"https:\/\/alcierrenoticias.com\/index.php\/2025\/12\/03\/anuncian-la-50a-edicion-de-la-carrera-san-silvestre-sortearan-un-automovil-entre-los-participantes\/","title":{"rendered":"Anuncian la 50\u00aa edici\u00f3n de la Carrera San Silvestre; sortear\u00e1n un autom\u00f3vil entre los participantes."},"content":{"rendered":"<p>En rueda de prensa realizada en la sala de Cabildo, el presidente municipal Jes\u00fas Valenciano Garc\u00eda anunci\u00f3 oficialmente la 50\u00aa edici\u00f3n de la tradicional Carrera San Silvestre, la cual este a\u00f1o celebrar\u00e1 su aniversario entregando como obsequio principal un autom\u00f3vil \u00faltimo modelo.<\/p>\n<p>Valenciano Garc\u00eda destac\u00f3 que esta competencia, considerada una de las m\u00e1s importantes del estado y ubicada dentro del top 10 de las carreras m\u00e1s antiguas del pa\u00eds, cumple medio siglo de historia promoviendo el deporte y la convivencia familiar. Para esta edici\u00f3n se espera la participaci\u00f3n de m\u00e1s de 2,000 corredores distribuidos en sus tres modalidades: competitiva, recreativa e infantil.<\/p>\n<p>Tambi\u00e9n anunci\u00f3 la entrega del premio en derrama econ\u00f3mica, as\u00ed como la publicaci\u00f3n de una revista conmemorativa por el 50 aniversario de la Carrera San Silvestre.<\/p>\n<p>Durante el evento estuvieron presentes Rita e Ingrid Navarro, hijas de don Miguel Navarro, uno de los fundadores de la carrera, as\u00ed como don Fernando D\u00edazsantana, quien comparti\u00f3 algunos recuerdos y detalles de c\u00f3mo naci\u00f3 la San Silvestre hace ya cinco d\u00e9cadas.<\/p>\n<p>El director del Inmudej, Miguel Aguirre, fue el encargado de leer la convocatoria oficial, mientras que Idalia Sigala, representante del fomento deportivo en Rosales, respald\u00f3 la importancia regional del evento.<\/p>\n<p>Tambi\u00e9n asisti\u00f3 Karin R\u00edos, destacado atleta del municipio que recientemente represent\u00f3 a Delicias en los juegos Sordo Ol\u00edmpicos de Tokio 2025, adem\u00e1s de Francisco Javier Miranda Arce, integrante del comit\u00e9 organizador de la Carrera San Silvestre.<\/p>\n<p>Las inscripciones para las tres modalidades de la carrera ya est\u00e1n abiertas y se podr\u00e1n realizar directamente en las oficinas del Inmudej.<\/p>\n<p>La edici\u00f3n n\u00famero 50 promete ser una de las m\u00e1s especiales, no s\u00f3lo por la premiaci\u00f3n extraordinaria, sino por la relevancia hist\u00f3rica de un evento que ha marcado a generaciones de atletas en Delicias y la regi\u00f3n.<\/p>\n","protected":false},"excerpt":{"rendered":"<p>En rueda de prensa realizada en la sala de Cabildo, el presidente municipal Jes\u00fas Valenciano Garc\u00eda anunci\u00f3 oficialmente la 50\u00aa edici\u00f3n de la tradicional Carrera San Silvestre, la cual este a\u00f1o celebrar\u00e1 su aniversario entregando como obsequio principal un autom\u00f3vil \u00faltimo modelo. Valenciano Garc\u00eda destac\u00f3 que esta competencia, considerada una de las m\u00e1s importantes del estado y ubicada dentro del top 10 de las carreras m\u00e1s antiguas del pa\u00eds, cumple medio siglo de historia promoviendo el deporte y la convivencia familiar. Para esta edici\u00f3n se espera la participaci\u00f3n de m\u00e1s de 2,000 corredores distribuidos en sus tres modalidades: competitiva, recreativa e infantil. Tambi\u00e9n anunci\u00f3 la entrega del premio en derrama econ\u00f3mica, as\u00ed como la publicaci\u00f3n de una revista conmemorativa por el 50 aniversario de la Carrera San Silvestre. Durante el evento estuvieron presentes Rita e Ingrid Navarro, hijas de don Miguel Navarro, uno de los fundadores de la carrera, as\u00ed como don Fernando D\u00edazsantana, quien comparti\u00f3 algunos recuerdos y detalles de c\u00f3mo naci\u00f3 la San Silvestre hace ya cinco d\u00e9cadas. El director del Inmudej, Miguel Aguirre, fue el encargado de leer la convocatoria oficial, mientras que Idalia Sigala, representante del fomento deportivo en Rosales, respald\u00f3 la importancia regional del evento. Tambi\u00e9n asisti\u00f3 Karin R\u00edos, destacado atleta del municipio que recientemente represent\u00f3 a Delicias en los juegos Sordo Ol\u00edmpicos de Tokio 2025, adem\u00e1s de Francisco Javier Miranda Arce, integrante del comit\u00e9 organizador de la Carrera San Silvestre. Las inscripciones para las tres modalidades de la carrera ya est\u00e1n abiertas y se podr\u00e1n realizar directamente en las oficinas del Inmudej. La edici\u00f3n n\u00famero 50 promete ser una de las m\u00e1s especiales, no s\u00f3lo por la premiaci\u00f3n extraordinaria, sino por la relevancia hist\u00f3rica de un evento que ha marcado a generaciones de atletas en Delicias y la regi\u00f3n.<\/p>\n","protected":false},"author":2,"featured_media":19214,"comment_status":"open","ping_status":"open","sticky":false,"template":"","format":"standard","meta":{"_monsterinsights_skip_tracking":false,"_monsterinsights_sitenote_active":false,"_monsterinsights_sitenote_note":"","_monsterinsights_sitenote_category":0,"advanced_seo_description":"","jetpack_seo_html_title":"","jetpack_seo_noindex":false,"_jetpack_memberships_contains_paid_content":false,"footnotes":"","jetpack_publicize_message":"","jetpack_publicize_feature_enabled":true,"jetpack_social_post_already_shared":true,"jetpack_social_options":{"image_generator_settings":{"template":"highway","enabled":false},"version":2}},"categories":[135,7,11],"tags":[],"class_list":["post-19213","post","type-post","status-publish","format-standard","has-post-thumbnail","hentry","category-lo-mas-leido","category-local","category-principal"],"jetpack_publicize_connections":[],"jetpack_sharing_enabled":true,"jetpack_featured_media_url":"https:\/\/i0.wp.com\/alcierrenoticias.com\/wp-content\/uploads\/2025\/12\/WhatsApp-Image-2025-12-03-at-4.51.38-PM-1.jpeg?fit=1280%2C842&ssl=1","amp_enabled":true,"_links":{"self":[{"href":"https:\/\/alcierrenoticias.com\/index.php\/wp-json\/wp\/v2\/posts\/19213","targetHints":{"allow":["GET"]}}],"collection":[{"href":"https:\/\/alcierrenoticias.com\/index.php\/wp-json\/wp\/v2\/posts"}],"about":[{"href":"https:\/\/alcierrenoticias.com\/index.php\/wp-json\/wp\/v2\/types\/post"}],"author":[{"embeddable":true,"href":"https:\/\/alcierrenoticias.com\/index.php\/wp-json\/wp\/v2\/users\/2"}],"replies":[{"embeddable":true,"href":"https:\/\/alcierrenoticias.com\/index.php\/wp-json\/wp\/v2\/comments?post=19213"}],"version-history":[{"count":2,"href":"https:\/\/alcierrenoticias.com\/index.php\/wp-json\/wp\/v2\/posts\/19213\/revisions"}],"predecessor-version":[{"id":19216,"href":"https:\/\/alcierrenoticias.com\/index.php\/wp-json\/wp\/v2\/posts\/19213\/revisions\/19216"}],"wp:featuredmedia":[{"embeddable":true,"href":"https:\/\/alcierrenoticias.com\/index.php\/wp-json\/wp\/v2\/media\/19214"}],"wp:attachment":[{"href":"https:\/\/alcierrenoticias.com\/index.php\/wp-json\/wp\/v2\/media?parent=19213"}],"wp:term":[{"taxonomy":"category","embeddable":true,"href":"https:\/\/alcierrenoticias.com\/index.php\/wp-json\/wp\/v2\/categories?post=19213"},{"taxonomy":"post_tag","embeddable":true,"href":"https:\/\/alcierrenoticias.com\/index.php\/wp-json\/wp\/v2\/tags?post=19213"}],"curies":[{"name":"wp","href":"https:\/\/api.w.org\/{rel}","templated":true}]}}