{"id":19209,"date":"2025-12-03T17:20:35","date_gmt":"2025-12-03T23:20:35","guid":{"rendered":"https:\/\/alcierrenoticias.com\/?p=19209"},"modified":"2025-12-04T23:48:10","modified_gmt":"2025-12-05T05:48:10","slug":"avanza-pavimentacion-en-la-prolongacion-fernando-baeza-bajo-supervision-de-jesus-valenciano","status":"publish","type":"post","link":"https:\/\/alcierrenoticias.com\/index.php\/2025\/12\/03\/avanza-pavimentacion-en-la-prolongacion-fernando-baeza-bajo-supervision-de-jesus-valenciano\/","title":{"rendered":"Avanza pavimentaci\u00f3n en la prolongaci\u00f3n Fernando Baeza bajo supervisi\u00f3n de Jes\u00fas Valenciano."},"content":{"rendered":"<p>El presidente municipal de Delicias, Jes\u00fas Valenciano Garc\u00eda, realiz\u00f3 un recorrido de supervisi\u00f3n por la obra de pavimentaci\u00f3n en la prolongaci\u00f3n de la avenida Fernando Baeza, acompa\u00f1ado por el director de Obras P\u00fablicas, Alfonso Rodr\u00edguez. Durante la visita, destac\u00f3 el avance del tendido de carpeta asf\u00e1ltica y la importancia estrat\u00e9gica que tendr\u00e1 esta vialidad para mejorar la movilidad de miles de familias en la zona norte y oriente de la ciudad.<\/p>\n<p>Valenciano Garc\u00eda explic\u00f3 que se prev\u00e9 que para la tercera semana de diciembre la primera etapa \u2014que va desde la Fernando Baeza hacia el tramo donde inicia la conexi\u00f3n con la avenida 20\u2014 pueda estar en funcionamiento. Con ello, se habilitar\u00e1 un nuevo acceso de entrada y salida para los habitantes de Laderas del Norte, Praderas de Oriente y sectores aleda\u00f1os, agilizando los tiempos de traslado y descongestionando otras rutas de alto tr\u00e1fico.<\/p>\n<p>El alcalde detall\u00f3 que, una vez concluida la estructura del puente que cruza el dren en desuso, continuar\u00e1 la impregnaci\u00f3n y pavimentaci\u00f3n del camino que conectar\u00e1 directamente hacia la carretera libre a Saucillo. Esta nueva v\u00eda permitir\u00e1 a la ciudadan\u00eda evitar trayectos saturados como la Calzada del Charro y el puente Suprimido, brindando un acceso alterno y m\u00e1s eficiente, especialmente para quienes se desplazan desde la zona sur hacia la Fernando Baeza y la avenida Las Moras.<\/p>\n<p>Asimismo, Jes\u00fas Valenciano destac\u00f3 que esta obra representa una inversi\u00f3n superior a los 20 millones de pesos, recurso que contempla la instalaci\u00f3n de un colector completamente nuevo, as\u00ed como las tomas de agua necesarias para el desarrollo urbano de toda la zona. La intervenci\u00f3n incluye adem\u00e1s la colocaci\u00f3n de alumbrado p\u00fablico moderno, lo que brindar\u00e1 mayor seguridad a los conductores y peatones que transitan por el sector.<\/p>\n","protected":false},"excerpt":{"rendered":"<p>El presidente municipal de Delicias, Jes\u00fas Valenciano Garc\u00eda, realiz\u00f3 un recorrido de supervisi\u00f3n por la obra de pavimentaci\u00f3n en la prolongaci\u00f3n de la avenida Fernando Baeza, acompa\u00f1ado por el director de Obras P\u00fablicas, Alfonso Rodr\u00edguez. Durante la visita, destac\u00f3 el avance del tendido de carpeta asf\u00e1ltica y la importancia estrat\u00e9gica que tendr\u00e1 esta vialidad para mejorar la movilidad de miles de familias en la zona norte y oriente de la ciudad. Valenciano Garc\u00eda explic\u00f3 que se prev\u00e9 que para la tercera semana de diciembre la primera etapa \u2014que va desde la Fernando Baeza hacia el tramo donde inicia la conexi\u00f3n con la avenida 20\u2014 pueda estar en funcionamiento. Con ello, se habilitar\u00e1 un nuevo acceso de entrada y salida para los habitantes de Laderas del Norte, Praderas de Oriente y sectores aleda\u00f1os, agilizando los tiempos de traslado y descongestionando otras rutas de alto tr\u00e1fico. El alcalde detall\u00f3 que, una vez concluida la estructura del puente que cruza el dren en desuso, continuar\u00e1 la impregnaci\u00f3n y pavimentaci\u00f3n del camino que conectar\u00e1 directamente hacia la carretera libre a Saucillo. Esta nueva v\u00eda permitir\u00e1 a la ciudadan\u00eda evitar trayectos saturados como la Calzada del Charro y el puente Suprimido, brindando un acceso alterno y m\u00e1s eficiente, especialmente para quienes se desplazan desde la zona sur hacia la Fernando Baeza y la avenida Las Moras. Asimismo, Jes\u00fas Valenciano destac\u00f3 que esta obra representa una inversi\u00f3n superior a los 20 millones de pesos, recurso que contempla la instalaci\u00f3n de un colector completamente nuevo, as\u00ed como las tomas de agua necesarias para el desarrollo urbano de toda la zona. La intervenci\u00f3n incluye adem\u00e1s la colocaci\u00f3n de alumbrado p\u00fablico moderno, lo que brindar\u00e1 mayor seguridad a los conductores y peatones que transitan por el sector.<\/p>\n","protected":false},"author":2,"featured_media":19210,"comment_status":"open","ping_status":"open","sticky":false,"template":"","format":"standard","meta":{"_monsterinsights_skip_tracking":false,"_monsterinsights_sitenote_active":false,"_monsterinsights_sitenote_note":"","_monsterinsights_sitenote_category":0,"advanced_seo_description":"","jetpack_seo_html_title":"","jetpack_seo_noindex":false,"_jetpack_memberships_contains_paid_content":false,"footnotes":"","jetpack_publicize_message":"","jetpack_publicize_feature_enabled":true,"jetpack_social_post_already_shared":true,"jetpack_social_options":{"image_generator_settings":{"template":"highway","enabled":false},"version":2}},"categories":[135,7,11],"tags":[],"class_list":["post-19209","post","type-post","status-publish","format-standard","has-post-thumbnail","hentry","category-lo-mas-leido","category-local","category-principal"],"jetpack_publicize_connections":[],"jetpack_sharing_enabled":true,"jetpack_featured_media_url":"https:\/\/i0.wp.com\/alcierrenoticias.com\/wp-content\/uploads\/2025\/12\/WhatsApp-Image-2025-12-03-at-4.51.38-PM.jpeg?fit=1600%2C1066&ssl=1","amp_enabled":true,"_links":{"self":[{"href":"https:\/\/alcierrenoticias.com\/index.php\/wp-json\/wp\/v2\/posts\/19209","targetHints":{"allow":["GET"]}}],"collection":[{"href":"https:\/\/alcierrenoticias.com\/index.php\/wp-json\/wp\/v2\/posts"}],"about":[{"href":"https:\/\/alcierrenoticias.com\/index.php\/wp-json\/wp\/v2\/types\/post"}],"author":[{"embeddable":true,"href":"https:\/\/alcierrenoticias.com\/index.php\/wp-json\/wp\/v2\/users\/2"}],"replies":[{"embeddable":true,"href":"https:\/\/alcierrenoticias.com\/index.php\/wp-json\/wp\/v2\/comments?post=19209"}],"version-history":[{"count":2,"href":"https:\/\/alcierrenoticias.com\/index.php\/wp-json\/wp\/v2\/posts\/19209\/revisions"}],"predecessor-version":[{"id":19212,"href":"https:\/\/alcierrenoticias.com\/index.php\/wp-json\/wp\/v2\/posts\/19209\/revisions\/19212"}],"wp:featuredmedia":[{"embeddable":true,"href":"https:\/\/alcierrenoticias.com\/index.php\/wp-json\/wp\/v2\/media\/19210"}],"wp:attachment":[{"href":"https:\/\/alcierrenoticias.com\/index.php\/wp-json\/wp\/v2\/media?parent=19209"}],"wp:term":[{"taxonomy":"category","embeddable":true,"href":"https:\/\/alcierrenoticias.com\/index.php\/wp-json\/wp\/v2\/categories?post=19209"},{"taxonomy":"post_tag","embeddable":true,"href":"https:\/\/alcierrenoticias.com\/index.php\/wp-json\/wp\/v2\/tags?post=19209"}],"curies":[{"name":"wp","href":"https:\/\/api.w.org\/{rel}","templated":true}]}}