{"id":19197,"date":"2025-12-03T17:05:59","date_gmt":"2025-12-03T23:05:59","guid":{"rendered":"https:\/\/alcierrenoticias.com\/?p=19197"},"modified":"2025-12-04T23:39:56","modified_gmt":"2025-12-05T05:39:56","slug":"este-sabado-6-curso-gratuito-de-colico-equino-y-cuidado-dental-del-caballo-en-meoqui","status":"publish","type":"post","link":"https:\/\/alcierrenoticias.com\/index.php\/2025\/12\/03\/este-sabado-6-curso-gratuito-de-colico-equino-y-cuidado-dental-del-caballo-en-meoqui\/","title":{"rendered":"Este s\u00e1bado 6, curso gratuito de c\u00f3lico equino y cuidado dental del caballo en Meoqui."},"content":{"rendered":"<p>Los asistentes podr\u00e1n adquirir herramientas para actuar de manera oportuna ante un c\u00f3lico equino y dar a conocer la importancia de la atenci\u00f3n odontol\u00f3gica en los caballos<\/p>\n<p>Este pr\u00f3ximo s\u00e1bado 6 de diciembre se llevar\u00e1 a cabo una capacitaci\u00f3n sobre c\u00f3lico equino y cuidado dental del caballo totalmente gratuito a las 9:00 de la ma\u00f1ana en el rancho La Franque\u00f1a, ubicado en la colonia L\u00e1zaro C\u00e1rdenas, esto gracias a las gestiones de la alcaldesa Miriam Soto ante la Gobernadora Maru Campos.<\/p>\n<p>La directora de Desarrollo Rural, Nora Elia Meza, inform\u00f3 que la capacitaci\u00f3n est\u00e1 abierta tanto para habitantes de Meoqui como para personas de otros municipios. Explic\u00f3 que el objetivo principal es proporcionar a los propietarios y entrenadores las herramientas necesarias para actuar de manera oportuna ante un c\u00f3lico equino y dar a conocer la importancia de la atenci\u00f3n odontol\u00f3gica en los caballos, contribuyendo a una mejor calidad de vida para estos animales.<\/p>\n<p>Los interesados pueden inscribirse llamando a las oficinas de Desarrollo Rural o acudir directamente el mismo d\u00eda del evento o comunic\u00e1ndose al n\u00famero 639 128 5161, perteneciente a la directora.<\/p>\n","protected":false},"excerpt":{"rendered":"<p>Los asistentes podr\u00e1n adquirir herramientas para actuar de manera oportuna ante un c\u00f3lico equino y dar a conocer la importancia de la atenci\u00f3n odontol\u00f3gica en los caballos Este pr\u00f3ximo s\u00e1bado 6 de diciembre se llevar\u00e1 a cabo una capacitaci\u00f3n sobre c\u00f3lico equino y cuidado dental del caballo totalmente gratuito a las 9:00 de la ma\u00f1ana en el rancho La Franque\u00f1a, ubicado en la colonia L\u00e1zaro C\u00e1rdenas, esto gracias a las gestiones de la alcaldesa Miriam Soto ante la Gobernadora Maru Campos. La directora de Desarrollo Rural, Nora Elia Meza, inform\u00f3 que la capacitaci\u00f3n est\u00e1 abierta tanto para habitantes de Meoqui como para personas de otros municipios. Explic\u00f3 que el objetivo principal es proporcionar a los propietarios y entrenadores las herramientas necesarias para actuar de manera oportuna ante un c\u00f3lico equino y dar a conocer la importancia de la atenci\u00f3n odontol\u00f3gica en los caballos, contribuyendo a una mejor calidad de vida para estos animales. Los interesados pueden inscribirse llamando a las oficinas de Desarrollo Rural o acudir directamente el mismo d\u00eda del evento o comunic\u00e1ndose al n\u00famero 639 128 5161, perteneciente a la directora.<\/p>\n","protected":false},"author":2,"featured_media":19198,"comment_status":"open","ping_status":"open","sticky":false,"template":"","format":"standard","meta":{"_monsterinsights_skip_tracking":false,"_monsterinsights_sitenote_active":false,"_monsterinsights_sitenote_note":"","_monsterinsights_sitenote_category":0,"advanced_seo_description":"","jetpack_seo_html_title":"","jetpack_seo_noindex":false,"_jetpack_memberships_contains_paid_content":false,"footnotes":"","jetpack_publicize_message":"","jetpack_publicize_feature_enabled":true,"jetpack_social_post_already_shared":true,"jetpack_social_options":{"image_generator_settings":{"template":"highway","enabled":false},"version":2}},"categories":[135,7,11],"tags":[],"class_list":["post-19197","post","type-post","status-publish","format-standard","has-post-thumbnail","hentry","category-lo-mas-leido","category-local","category-principal"],"jetpack_publicize_connections":[],"jetpack_sharing_enabled":true,"jetpack_featured_media_url":"https:\/\/i0.wp.com\/alcierrenoticias.com\/wp-content\/uploads\/2025\/12\/WhatsApp-Image-2025-12-03-at-4.50.56-PM-e1764913178406.jpeg?fit=400%2C497&ssl=1","amp_enabled":true,"_links":{"self":[{"href":"https:\/\/alcierrenoticias.com\/index.php\/wp-json\/wp\/v2\/posts\/19197","targetHints":{"allow":["GET"]}}],"collection":[{"href":"https:\/\/alcierrenoticias.com\/index.php\/wp-json\/wp\/v2\/posts"}],"about":[{"href":"https:\/\/alcierrenoticias.com\/index.php\/wp-json\/wp\/v2\/types\/post"}],"author":[{"embeddable":true,"href":"https:\/\/alcierrenoticias.com\/index.php\/wp-json\/wp\/v2\/users\/2"}],"replies":[{"embeddable":true,"href":"https:\/\/alcierrenoticias.com\/index.php\/wp-json\/wp\/v2\/comments?post=19197"}],"version-history":[{"count":1,"href":"https:\/\/alcierrenoticias.com\/index.php\/wp-json\/wp\/v2\/posts\/19197\/revisions"}],"predecessor-version":[{"id":19199,"href":"https:\/\/alcierrenoticias.com\/index.php\/wp-json\/wp\/v2\/posts\/19197\/revisions\/19199"}],"wp:featuredmedia":[{"embeddable":true,"href":"https:\/\/alcierrenoticias.com\/index.php\/wp-json\/wp\/v2\/media\/19198"}],"wp:attachment":[{"href":"https:\/\/alcierrenoticias.com\/index.php\/wp-json\/wp\/v2\/media?parent=19197"}],"wp:term":[{"taxonomy":"category","embeddable":true,"href":"https:\/\/alcierrenoticias.com\/index.php\/wp-json\/wp\/v2\/categories?post=19197"},{"taxonomy":"post_tag","embeddable":true,"href":"https:\/\/alcierrenoticias.com\/index.php\/wp-json\/wp\/v2\/tags?post=19197"}],"curies":[{"name":"wp","href":"https:\/\/api.w.org\/{rel}","templated":true}]}}