{"id":19175,"date":"2025-12-02T14:30:46","date_gmt":"2025-12-02T20:30:46","guid":{"rendered":"https:\/\/alcierrenoticias.com\/?p=19175"},"modified":"2025-12-04T23:17:35","modified_gmt":"2025-12-05T05:17:35","slug":"coordinacion-de-salud-de-delicias-organiza-elaboracion-de-mono-gigante-para-concientizar-sobre-el-vih","status":"publish","type":"post","link":"https:\/\/alcierrenoticias.com\/index.php\/2025\/12\/02\/coordinacion-de-salud-de-delicias-organiza-elaboracion-de-mono-gigante-para-concientizar-sobre-el-vih\/","title":{"rendered":"Coordinaci\u00f3n de Salud de Delicias organiza elaboraci\u00f3n de mo\u00f1o gigante para concientizar sobre el VIH."},"content":{"rendered":"<p>Con el objetivo de fortalecer la conciencia social sobre la prevenci\u00f3n del VIH, la Coordinaci\u00f3n de Salud de Delicias, encabezada por la doctora Francisca Mercado \u00c1vila, organiz\u00f3 la elaboraci\u00f3n de un mo\u00f1o de grandes dimensiones en el c\u00edrculo del Reloj P\u00fablico. En la actividad participaron diversas dependencias, instituciones y planteles educativos del municipio.<\/p>\n<p>El evento reuni\u00f3 a personal de distintos sectores, quienes se sumaron al s\u00edmbolo internacional de la lucha contra el VIH\/Sida. Durante la actividad, la doctora Mercado \u00c1vila destac\u00f3 que esta jornada va m\u00e1s all\u00e1 del acto simb\u00f3lico.<\/p>\n<p>\u201cMuchas gracias a todos por acompa\u00f1arnos. La importancia de este d\u00eda no es venir de rojo ni hacer un mo\u00f1o, sino concientizar a la ciudadan\u00eda sobre lo que es el virus del VIH\u201d, expres\u00f3.<\/p>\n<p>La coordinadora de Salud subray\u00f3 que el VIH sigue siendo una problem\u00e1tica vigente en el pa\u00eds, donde se registran m\u00e1s de 130 mil personas viviendo con el virus, y record\u00f3 que el municipio no est\u00e1 exento de esta realidad.<\/p>\n<p>Mercado \u00c1vila enfatiz\u00f3 que la prevenci\u00f3n es la herramienta m\u00e1s importante:<br \/>\n\u2022 Tener una sola pareja sexual o practicar la abstenci\u00f3n.<br \/>\n\u2022 En caso de tener m\u00faltiples parejas, utilizar preservativo.<br \/>\n\u2022 Recordar que cualquier persona, sin importar apariencia, nivel econ\u00f3mico o escolaridad, puede vivir con VIH.<\/p>\n<p>Tambi\u00e9n explic\u00f3 la diferencia entre VIH y Sida: el primero es el virus, mientras que el segundo es la enfermedad en su etapa avanzada. Detall\u00f3 que alrededor del 80% de los casos se presentan en hombres y el 20% en mujeres.<\/p>\n<p>Finalmente, invit\u00f3 a la poblaci\u00f3n a aprovechar las pruebas r\u00e1pidas gratuitas disponibles, pues un diagn\u00f3stico oportuno y el seguimiento adecuado pueden evitar la progresi\u00f3n hacia Sida.<\/p>\n","protected":false},"excerpt":{"rendered":"<p>Con el objetivo de fortalecer la conciencia social sobre la prevenci\u00f3n del VIH, la Coordinaci\u00f3n de Salud de Delicias, encabezada por la doctora Francisca Mercado \u00c1vila, organiz\u00f3 la elaboraci\u00f3n de un mo\u00f1o de grandes dimensiones en el c\u00edrculo del Reloj P\u00fablico. En la actividad participaron diversas dependencias, instituciones y planteles educativos del municipio. El evento reuni\u00f3 a personal de distintos sectores, quienes se sumaron al s\u00edmbolo internacional de la lucha contra el VIH\/Sida. Durante la actividad, la doctora Mercado \u00c1vila destac\u00f3 que esta jornada va m\u00e1s all\u00e1 del acto simb\u00f3lico. \u201cMuchas gracias a todos por acompa\u00f1arnos. La importancia de este d\u00eda no es venir de rojo ni hacer un mo\u00f1o, sino concientizar a la ciudadan\u00eda sobre lo que es el virus del VIH\u201d, expres\u00f3. La coordinadora de Salud subray\u00f3 que el VIH sigue siendo una problem\u00e1tica vigente en el pa\u00eds, donde se registran m\u00e1s de 130 mil personas viviendo con el virus, y record\u00f3 que el municipio no est\u00e1 exento de esta realidad. Mercado \u00c1vila enfatiz\u00f3 que la prevenci\u00f3n es la herramienta m\u00e1s importante: \u2022 Tener una sola pareja sexual o practicar la abstenci\u00f3n. \u2022 En caso de tener m\u00faltiples parejas, utilizar preservativo. \u2022 Recordar que cualquier persona, sin importar apariencia, nivel econ\u00f3mico o escolaridad, puede vivir con VIH. Tambi\u00e9n explic\u00f3 la diferencia entre VIH y Sida: el primero es el virus, mientras que el segundo es la enfermedad en su etapa avanzada. Detall\u00f3 que alrededor del 80% de los casos se presentan en hombres y el 20% en mujeres. Finalmente, invit\u00f3 a la poblaci\u00f3n a aprovechar las pruebas r\u00e1pidas gratuitas disponibles, pues un diagn\u00f3stico oportuno y el seguimiento adecuado pueden evitar la progresi\u00f3n hacia Sida.<\/p>\n","protected":false},"author":2,"featured_media":19176,"comment_status":"open","ping_status":"open","sticky":false,"template":"","format":"standard","meta":{"_monsterinsights_skip_tracking":false,"_monsterinsights_sitenote_active":false,"_monsterinsights_sitenote_note":"","_monsterinsights_sitenote_category":0,"advanced_seo_description":"","jetpack_seo_html_title":"","jetpack_seo_noindex":false,"_jetpack_memberships_contains_paid_content":false,"footnotes":"","jetpack_publicize_message":"","jetpack_publicize_feature_enabled":true,"jetpack_social_post_already_shared":true,"jetpack_social_options":{"image_generator_settings":{"template":"highway","enabled":false},"version":2}},"categories":[135,7,11],"tags":[],"class_list":["post-19175","post","type-post","status-publish","format-standard","has-post-thumbnail","hentry","category-lo-mas-leido","category-local","category-principal"],"jetpack_publicize_connections":[],"jetpack_sharing_enabled":true,"jetpack_featured_media_url":"https:\/\/i0.wp.com\/alcierrenoticias.com\/wp-content\/uploads\/2025\/12\/WhatsApp-Image-2025-12-02-at-2.13.53-PM-e1764911844273.jpeg?fit=600%2C450&ssl=1","amp_enabled":true,"_links":{"self":[{"href":"https:\/\/alcierrenoticias.com\/index.php\/wp-json\/wp\/v2\/posts\/19175","targetHints":{"allow":["GET"]}}],"collection":[{"href":"https:\/\/alcierrenoticias.com\/index.php\/wp-json\/wp\/v2\/posts"}],"about":[{"href":"https:\/\/alcierrenoticias.com\/index.php\/wp-json\/wp\/v2\/types\/post"}],"author":[{"embeddable":true,"href":"https:\/\/alcierrenoticias.com\/index.php\/wp-json\/wp\/v2\/users\/2"}],"replies":[{"embeddable":true,"href":"https:\/\/alcierrenoticias.com\/index.php\/wp-json\/wp\/v2\/comments?post=19175"}],"version-history":[{"count":2,"href":"https:\/\/alcierrenoticias.com\/index.php\/wp-json\/wp\/v2\/posts\/19175\/revisions"}],"predecessor-version":[{"id":19179,"href":"https:\/\/alcierrenoticias.com\/index.php\/wp-json\/wp\/v2\/posts\/19175\/revisions\/19179"}],"wp:featuredmedia":[{"embeddable":true,"href":"https:\/\/alcierrenoticias.com\/index.php\/wp-json\/wp\/v2\/media\/19176"}],"wp:attachment":[{"href":"https:\/\/alcierrenoticias.com\/index.php\/wp-json\/wp\/v2\/media?parent=19175"}],"wp:term":[{"taxonomy":"category","embeddable":true,"href":"https:\/\/alcierrenoticias.com\/index.php\/wp-json\/wp\/v2\/categories?post=19175"},{"taxonomy":"post_tag","embeddable":true,"href":"https:\/\/alcierrenoticias.com\/index.php\/wp-json\/wp\/v2\/tags?post=19175"}],"curies":[{"name":"wp","href":"https:\/\/api.w.org\/{rel}","templated":true}]}}