{"id":19171,"date":"2025-12-02T14:15:02","date_gmt":"2025-12-02T20:15:02","guid":{"rendered":"https:\/\/alcierrenoticias.com\/?p=19171"},"modified":"2025-12-04T23:11:28","modified_gmt":"2025-12-05T05:11:28","slug":"embellece-delicias-su-camellon-en-la-plutarco-elias-calles-con-obra-integral","status":"publish","type":"post","link":"https:\/\/alcierrenoticias.com\/index.php\/2025\/12\/02\/embellece-delicias-su-camellon-en-la-plutarco-elias-calles-con-obra-integral\/","title":{"rendered":"Embellece Delicias su camell\u00f3n en la Plutarco El\u00edas Calles con obra integral."},"content":{"rendered":"<p>El presidente municipal de Delicias, Jes\u00fas Valenciano Garc\u00eda, realiz\u00f3 un recorrido de supervisi\u00f3n por la avenida Plutarco El\u00edas Calles, donde se lleva a cabo la rehabilitaci\u00f3n integral de su camell\u00f3n central, una obra lograda gracias al Presupuesto Participativo y al respaldo directo de las y los ciudadanos que eligieron este proyecto como prioridad para mejorar su entorno urbano.<\/p>\n<p>Durante el recorrido, el alcalde destac\u00f3 que la participaci\u00f3n de la ciudadan\u00eda ha sido clave para avanzar en intervenciones que elevan la imagen y funcionalidad de los espacios p\u00fablicos, beneficiando la movilidad y el orden urbano de una de las avenidas m\u00e1s transitadas de la ciudad. Subray\u00f3 adem\u00e1s que esta obra forma parte del compromiso de su administraci\u00f3n por modernizar y dignificar la infraestructura verde del municipio.<\/p>\n<p>La rehabilitaci\u00f3n contempla la instalaci\u00f3n de 315 metros lineales de riego con tubines y burbujeadores, lo que permitir\u00e1 mantener en \u00f3ptimas condiciones las nuevas \u00e1reas verdes. Asimismo, se plantaron 105 pinos cipr\u00e9s, reforzando el arbolado y aportando mayor sombra y frescura al corredor vial.<\/p>\n<p>En materia de obra civil, se realizaron 598 m\u00b2 de excavaci\u00f3n y retiro de material, tareas que incluyeron manejo de material Tipo B, compactaci\u00f3n y acondicionamiento del terreno. A esto se suma la colocaci\u00f3n de 47.84 m\u00b3 de concreto para la restauraci\u00f3n de guarniciones, con resistencia de 100 kg y 8 cm de grosor, adem\u00e1s de 34 metros lineales de concreto de 15 cm de ancho por 20 cm de altura.<\/p>\n<p>La intervenci\u00f3n concluir\u00e1 con la incorporaci\u00f3n de 90 costales de piedra decorativa para embellecimiento del camell\u00f3n. Esta acci\u00f3n reafirma el compromiso del Gobierno Municipal por trabajar de la mano de la ciudadan\u00eda en la recuperaci\u00f3n y mejora de los espacios p\u00fablicos de Delicias.<\/p>\n","protected":false},"excerpt":{"rendered":"<p>El presidente municipal de Delicias, Jes\u00fas Valenciano Garc\u00eda, realiz\u00f3 un recorrido de supervisi\u00f3n por la avenida Plutarco El\u00edas Calles, donde se lleva a cabo la rehabilitaci\u00f3n integral de su camell\u00f3n central, una obra lograda gracias al Presupuesto Participativo y al respaldo directo de las y los ciudadanos que eligieron este proyecto como prioridad para mejorar su entorno urbano. Durante el recorrido, el alcalde destac\u00f3 que la participaci\u00f3n de la ciudadan\u00eda ha sido clave para avanzar en intervenciones que elevan la imagen y funcionalidad de los espacios p\u00fablicos, beneficiando la movilidad y el orden urbano de una de las avenidas m\u00e1s transitadas de la ciudad. Subray\u00f3 adem\u00e1s que esta obra forma parte del compromiso de su administraci\u00f3n por modernizar y dignificar la infraestructura verde del municipio. La rehabilitaci\u00f3n contempla la instalaci\u00f3n de 315 metros lineales de riego con tubines y burbujeadores, lo que permitir\u00e1 mantener en \u00f3ptimas condiciones las nuevas \u00e1reas verdes. Asimismo, se plantaron 105 pinos cipr\u00e9s, reforzando el arbolado y aportando mayor sombra y frescura al corredor vial. En materia de obra civil, se realizaron 598 m\u00b2 de excavaci\u00f3n y retiro de material, tareas que incluyeron manejo de material Tipo B, compactaci\u00f3n y acondicionamiento del terreno. A esto se suma la colocaci\u00f3n de 47.84 m\u00b3 de concreto para la restauraci\u00f3n de guarniciones, con resistencia de 100 kg y 8 cm de grosor, adem\u00e1s de 34 metros lineales de concreto de 15 cm de ancho por 20 cm de altura. La intervenci\u00f3n concluir\u00e1 con la incorporaci\u00f3n de 90 costales de piedra decorativa para embellecimiento del camell\u00f3n. Esta acci\u00f3n reafirma el compromiso del Gobierno Municipal por trabajar de la mano de la ciudadan\u00eda en la recuperaci\u00f3n y mejora de los espacios p\u00fablicos de Delicias.<\/p>\n","protected":false},"author":2,"featured_media":19172,"comment_status":"open","ping_status":"open","sticky":false,"template":"","format":"standard","meta":{"_monsterinsights_skip_tracking":false,"_monsterinsights_sitenote_active":false,"_monsterinsights_sitenote_note":"","_monsterinsights_sitenote_category":0,"advanced_seo_description":"","jetpack_seo_html_title":"","jetpack_seo_noindex":false,"_jetpack_memberships_contains_paid_content":false,"footnotes":"","jetpack_publicize_message":"","jetpack_publicize_feature_enabled":true,"jetpack_social_post_already_shared":true,"jetpack_social_options":{"image_generator_settings":{"template":"highway","enabled":false},"version":2}},"categories":[135,7,11],"tags":[],"class_list":["post-19171","post","type-post","status-publish","format-standard","has-post-thumbnail","hentry","category-lo-mas-leido","category-local","category-principal"],"jetpack_publicize_connections":[],"jetpack_sharing_enabled":true,"jetpack_featured_media_url":"https:\/\/i0.wp.com\/alcierrenoticias.com\/wp-content\/uploads\/2025\/12\/WhatsApp-Image-2025-12-02-at-2.13.52-PM.jpeg?fit=1280%2C854&ssl=1","amp_enabled":true,"_links":{"self":[{"href":"https:\/\/alcierrenoticias.com\/index.php\/wp-json\/wp\/v2\/posts\/19171","targetHints":{"allow":["GET"]}}],"collection":[{"href":"https:\/\/alcierrenoticias.com\/index.php\/wp-json\/wp\/v2\/posts"}],"about":[{"href":"https:\/\/alcierrenoticias.com\/index.php\/wp-json\/wp\/v2\/types\/post"}],"author":[{"embeddable":true,"href":"https:\/\/alcierrenoticias.com\/index.php\/wp-json\/wp\/v2\/users\/2"}],"replies":[{"embeddable":true,"href":"https:\/\/alcierrenoticias.com\/index.php\/wp-json\/wp\/v2\/comments?post=19171"}],"version-history":[{"count":2,"href":"https:\/\/alcierrenoticias.com\/index.php\/wp-json\/wp\/v2\/posts\/19171\/revisions"}],"predecessor-version":[{"id":19174,"href":"https:\/\/alcierrenoticias.com\/index.php\/wp-json\/wp\/v2\/posts\/19171\/revisions\/19174"}],"wp:featuredmedia":[{"embeddable":true,"href":"https:\/\/alcierrenoticias.com\/index.php\/wp-json\/wp\/v2\/media\/19172"}],"wp:attachment":[{"href":"https:\/\/alcierrenoticias.com\/index.php\/wp-json\/wp\/v2\/media?parent=19171"}],"wp:term":[{"taxonomy":"category","embeddable":true,"href":"https:\/\/alcierrenoticias.com\/index.php\/wp-json\/wp\/v2\/categories?post=19171"},{"taxonomy":"post_tag","embeddable":true,"href":"https:\/\/alcierrenoticias.com\/index.php\/wp-json\/wp\/v2\/tags?post=19171"}],"curies":[{"name":"wp","href":"https:\/\/api.w.org\/{rel}","templated":true}]}}