{"id":19154,"date":"2025-11-28T19:25:57","date_gmt":"2025-11-29T01:25:57","guid":{"rendered":"https:\/\/alcierrenoticias.com\/?p=19154"},"modified":"2025-11-29T09:57:53","modified_gmt":"2025-11-29T15:57:53","slug":"presidente-jorge-aldana-anuncia-la-instalacion-de-pista-de-hielo-en-camargo","status":"publish","type":"post","link":"https:\/\/alcierrenoticias.com\/index.php\/2025\/11\/28\/presidente-jorge-aldana-anuncia-la-instalacion-de-pista-de-hielo-en-camargo\/","title":{"rendered":"Presidente Jorge Aldana anuncia la instalaci\u00f3n de pista de hielo en Camargo."},"content":{"rendered":"<p>El presidente municipal, Jorge Aldana, anunci\u00f3 que en los pr\u00f3ximos d\u00edas comenzar\u00e1 la instalaci\u00f3n de una pista de hielo en la ciudad, una atracci\u00f3n que se sumar\u00e1 al ambiente festivo, la decoraci\u00f3n navide\u00f1a y las actividades de entretenimiento para las familias camarguenses.<br \/>\nAldana destac\u00f3 que esta nueva propuesta busca ofrecer espacios de sana convivencia durante la temporada decembrina, as\u00ed como continuar impulsando actividades que fortalezcan el esp\u00edritu comunitario:<\/p>\n<p>\u201cQueremos que Camargo viva una Navidad llena de alegr\u00eda y uni\u00f3n. La pista de hielo ser\u00e1 un espacio para que ni\u00f1as, ni\u00f1os, j\u00f3venes y adultos disfruten de momentos especiales en familia\u201d, expres\u00f3.<\/p>\n<p>El presidente inform\u00f3 que actualmente se eval\u00faan dos posibles ubicaciones para su instalaci\u00f3n: el Parque Lineal o la Puerta de la Ciudad, lugares que permitir\u00e1n un acceso amplio y seguro para todas las personas.<br \/>\nEn los pr\u00f3ximos d\u00edas se dar\u00e1 a conocer la fecha oficial de apertura, as\u00ed como los horarios y detalles de operaci\u00f3n.<br \/>\nEl Gobierno Municipal de Camargo reafirma su compromiso de seguir impulsando iniciativas que fortalezcan la convivencia, el esparcimiento y las tradiciones que unen a la comunidad.<\/p>\n","protected":false},"excerpt":{"rendered":"<p>El presidente municipal, Jorge Aldana, anunci\u00f3 que en los pr\u00f3ximos d\u00edas comenzar\u00e1 la instalaci\u00f3n de una pista de hielo en la ciudad, una atracci\u00f3n que se sumar\u00e1 al ambiente festivo, la decoraci\u00f3n navide\u00f1a y las actividades de entretenimiento para las familias camarguenses. Aldana destac\u00f3 que esta nueva propuesta busca ofrecer espacios de sana convivencia durante la temporada decembrina, as\u00ed como continuar impulsando actividades que fortalezcan el esp\u00edritu comunitario: \u201cQueremos que Camargo viva una Navidad llena de alegr\u00eda y uni\u00f3n. La pista de hielo ser\u00e1 un espacio para que ni\u00f1as, ni\u00f1os, j\u00f3venes y adultos disfruten de momentos especiales en familia\u201d, expres\u00f3. El presidente inform\u00f3 que actualmente se eval\u00faan dos posibles ubicaciones para su instalaci\u00f3n: el Parque Lineal o la Puerta de la Ciudad, lugares que permitir\u00e1n un acceso amplio y seguro para todas las personas. En los pr\u00f3ximos d\u00edas se dar\u00e1 a conocer la fecha oficial de apertura, as\u00ed como los horarios y detalles de operaci\u00f3n. El Gobierno Municipal de Camargo reafirma su compromiso de seguir impulsando iniciativas que fortalezcan la convivencia, el esparcimiento y las tradiciones que unen a la comunidad.<\/p>\n","protected":false},"author":2,"featured_media":19155,"comment_status":"open","ping_status":"open","sticky":false,"template":"","format":"standard","meta":{"_monsterinsights_skip_tracking":false,"_monsterinsights_sitenote_active":false,"_monsterinsights_sitenote_note":"","_monsterinsights_sitenote_category":0,"advanced_seo_description":"","jetpack_seo_html_title":"","jetpack_seo_noindex":false,"_jetpack_memberships_contains_paid_content":false,"footnotes":"","jetpack_publicize_message":"","jetpack_publicize_feature_enabled":true,"jetpack_social_post_already_shared":true,"jetpack_social_options":{"image_generator_settings":{"template":"highway","enabled":false},"version":2}},"categories":[8,135,11],"tags":[],"class_list":["post-19154","post","type-post","status-publish","format-standard","has-post-thumbnail","hentry","category-estado","category-lo-mas-leido","category-principal"],"jetpack_publicize_connections":[],"jetpack_sharing_enabled":true,"jetpack_featured_media_url":"https:\/\/i0.wp.com\/alcierrenoticias.com\/wp-content\/uploads\/2025\/11\/WhatsApp-Image-2025-11-29-at-9.36.24-AM-1.jpeg?fit=1600%2C895&ssl=1","amp_enabled":true,"_links":{"self":[{"href":"https:\/\/alcierrenoticias.com\/index.php\/wp-json\/wp\/v2\/posts\/19154","targetHints":{"allow":["GET"]}}],"collection":[{"href":"https:\/\/alcierrenoticias.com\/index.php\/wp-json\/wp\/v2\/posts"}],"about":[{"href":"https:\/\/alcierrenoticias.com\/index.php\/wp-json\/wp\/v2\/types\/post"}],"author":[{"embeddable":true,"href":"https:\/\/alcierrenoticias.com\/index.php\/wp-json\/wp\/v2\/users\/2"}],"replies":[{"embeddable":true,"href":"https:\/\/alcierrenoticias.com\/index.php\/wp-json\/wp\/v2\/comments?post=19154"}],"version-history":[{"count":2,"href":"https:\/\/alcierrenoticias.com\/index.php\/wp-json\/wp\/v2\/posts\/19154\/revisions"}],"predecessor-version":[{"id":19157,"href":"https:\/\/alcierrenoticias.com\/index.php\/wp-json\/wp\/v2\/posts\/19154\/revisions\/19157"}],"wp:featuredmedia":[{"embeddable":true,"href":"https:\/\/alcierrenoticias.com\/index.php\/wp-json\/wp\/v2\/media\/19155"}],"wp:attachment":[{"href":"https:\/\/alcierrenoticias.com\/index.php\/wp-json\/wp\/v2\/media?parent=19154"}],"wp:term":[{"taxonomy":"category","embeddable":true,"href":"https:\/\/alcierrenoticias.com\/index.php\/wp-json\/wp\/v2\/categories?post=19154"},{"taxonomy":"post_tag","embeddable":true,"href":"https:\/\/alcierrenoticias.com\/index.php\/wp-json\/wp\/v2\/tags?post=19154"}],"curies":[{"name":"wp","href":"https:\/\/api.w.org\/{rel}","templated":true}]}}