{"id":19147,"date":"2025-11-28T18:20:36","date_gmt":"2025-11-29T00:20:36","guid":{"rendered":"https:\/\/alcierrenoticias.com\/?p=19147"},"modified":"2025-11-29T09:52:56","modified_gmt":"2025-11-29T15:52:56","slug":"inician-en-meoqui-preparativos-para-festival-navideno","status":"publish","type":"post","link":"https:\/\/alcierrenoticias.com\/index.php\/2025\/11\/28\/inician-en-meoqui-preparativos-para-festival-navideno\/","title":{"rendered":"Inician en Meoqui preparativos para Festival Navide\u00f1o."},"content":{"rendered":"<p>Programan encendido del \u00c1rbol Navide\u00f1o en el municipio para el 7 de diciembre<\/p>\n<p>El esp\u00edritu navide\u00f1o lleg\u00f3 al municipio de Meoqui, donde dio inicio la instalaci\u00f3n del \u00c1rbol Navide\u00f1o, as\u00ed como los decorativos de las fiestas decembrinas, mismos que ser\u00e1n encendidos este pr\u00f3ximo 7 de diciembre en un gran evento con presentaciones art\u00edsticas y much\u00edsimas actividades para las familias del municipio.<\/p>\n<p>La directora de Desarrollo Social, Zenyith P\u00e9rez, inform\u00f3 que actualmente trabajan en la instalaci\u00f3n del \u00e1rbol navide\u00f1o, luces y decoraci\u00f3n, labores que se realizan con el apoyo de diversas direcciones de la administraci\u00f3n municipal. \u201cEs mucho trabajo previo, pero lo hacemos con gusto para que las familias disfruten de este evento tan especial\u201d, coment\u00f3.<\/p>\n<p>Destac\u00f3 que la instrucci\u00f3n de la alcaldesa Miriam Soto, como cada a\u00f1o, es ofrecer un evento totalmente familiar y uno de los m\u00e1s grandes que organiza el municipio, por lo que extendi\u00f3 la invitaci\u00f3n a todas las familias meoquenses para asistir y disfrutar del ambiente navide\u00f1o.<\/p>\n<p>Finalmente, indic\u00f3 que la pr\u00f3xima semana concluir\u00e1n con los preparativos, incluyendo el encendido de luces y la decoraci\u00f3n del pino, para que todo est\u00e9 listo rumbo a esta celebraci\u00f3n que marca el inicio de la temporada navide\u00f1a en Meoqui.<\/p>\n","protected":false},"excerpt":{"rendered":"<p>Programan encendido del \u00c1rbol Navide\u00f1o en el municipio para el 7 de diciembre El esp\u00edritu navide\u00f1o lleg\u00f3 al municipio de Meoqui, donde dio inicio la instalaci\u00f3n del \u00c1rbol Navide\u00f1o, as\u00ed como los decorativos de las fiestas decembrinas, mismos que ser\u00e1n encendidos este pr\u00f3ximo 7 de diciembre en un gran evento con presentaciones art\u00edsticas y much\u00edsimas actividades para las familias del municipio. La directora de Desarrollo Social, Zenyith P\u00e9rez, inform\u00f3 que actualmente trabajan en la instalaci\u00f3n del \u00e1rbol navide\u00f1o, luces y decoraci\u00f3n, labores que se realizan con el apoyo de diversas direcciones de la administraci\u00f3n municipal. \u201cEs mucho trabajo previo, pero lo hacemos con gusto para que las familias disfruten de este evento tan especial\u201d, coment\u00f3. Destac\u00f3 que la instrucci\u00f3n de la alcaldesa Miriam Soto, como cada a\u00f1o, es ofrecer un evento totalmente familiar y uno de los m\u00e1s grandes que organiza el municipio, por lo que extendi\u00f3 la invitaci\u00f3n a todas las familias meoquenses para asistir y disfrutar del ambiente navide\u00f1o. Finalmente, indic\u00f3 que la pr\u00f3xima semana concluir\u00e1n con los preparativos, incluyendo el encendido de luces y la decoraci\u00f3n del pino, para que todo est\u00e9 listo rumbo a esta celebraci\u00f3n que marca el inicio de la temporada navide\u00f1a en Meoqui.<\/p>\n","protected":false},"author":2,"featured_media":19148,"comment_status":"open","ping_status":"open","sticky":false,"template":"","format":"standard","meta":{"_monsterinsights_skip_tracking":false,"_monsterinsights_sitenote_active":false,"_monsterinsights_sitenote_note":"","_monsterinsights_sitenote_category":0,"advanced_seo_description":"","jetpack_seo_html_title":"","jetpack_seo_noindex":false,"_jetpack_memberships_contains_paid_content":false,"footnotes":"","jetpack_publicize_message":"","jetpack_publicize_feature_enabled":true,"jetpack_social_post_already_shared":true,"jetpack_social_options":{"image_generator_settings":{"template":"highway","enabled":false},"version":2}},"categories":[135,7,11],"tags":[],"class_list":["post-19147","post","type-post","status-publish","format-standard","has-post-thumbnail","hentry","category-lo-mas-leido","category-local","category-principal"],"jetpack_publicize_connections":[],"jetpack_sharing_enabled":true,"jetpack_featured_media_url":"https:\/\/i0.wp.com\/alcierrenoticias.com\/wp-content\/uploads\/2025\/11\/WhatsApp-Image-2025-11-29-at-9.34.45-AM.jpeg?fit=1280%2C853&ssl=1","amp_enabled":true,"_links":{"self":[{"href":"https:\/\/alcierrenoticias.com\/index.php\/wp-json\/wp\/v2\/posts\/19147","targetHints":{"allow":["GET"]}}],"collection":[{"href":"https:\/\/alcierrenoticias.com\/index.php\/wp-json\/wp\/v2\/posts"}],"about":[{"href":"https:\/\/alcierrenoticias.com\/index.php\/wp-json\/wp\/v2\/types\/post"}],"author":[{"embeddable":true,"href":"https:\/\/alcierrenoticias.com\/index.php\/wp-json\/wp\/v2\/users\/2"}],"replies":[{"embeddable":true,"href":"https:\/\/alcierrenoticias.com\/index.php\/wp-json\/wp\/v2\/comments?post=19147"}],"version-history":[{"count":1,"href":"https:\/\/alcierrenoticias.com\/index.php\/wp-json\/wp\/v2\/posts\/19147\/revisions"}],"predecessor-version":[{"id":19149,"href":"https:\/\/alcierrenoticias.com\/index.php\/wp-json\/wp\/v2\/posts\/19147\/revisions\/19149"}],"wp:featuredmedia":[{"embeddable":true,"href":"https:\/\/alcierrenoticias.com\/index.php\/wp-json\/wp\/v2\/media\/19148"}],"wp:attachment":[{"href":"https:\/\/alcierrenoticias.com\/index.php\/wp-json\/wp\/v2\/media?parent=19147"}],"wp:term":[{"taxonomy":"category","embeddable":true,"href":"https:\/\/alcierrenoticias.com\/index.php\/wp-json\/wp\/v2\/categories?post=19147"},{"taxonomy":"post_tag","embeddable":true,"href":"https:\/\/alcierrenoticias.com\/index.php\/wp-json\/wp\/v2\/tags?post=19147"}],"curies":[{"name":"wp","href":"https:\/\/api.w.org\/{rel}","templated":true}]}}