{"id":19140,"date":"2025-11-28T16:45:49","date_gmt":"2025-11-28T22:45:49","guid":{"rendered":"https:\/\/alcierrenoticias.com\/?p=19140"},"modified":"2025-11-29T09:48:11","modified_gmt":"2025-11-29T15:48:11","slug":"brindaran-en-meoqui-comida-caliente-para-60-personas-diariamente-sin-costo-en-el-primer-comedor-comunitario","status":"publish","type":"post","link":"https:\/\/alcierrenoticias.com\/index.php\/2025\/11\/28\/brindaran-en-meoqui-comida-caliente-para-60-personas-diariamente-sin-costo-en-el-primer-comedor-comunitario\/","title":{"rendered":"Brindar\u00e1n en Meoqui comida caliente para 60 personas diariamente sin costo en el primer comedor comunitario."},"content":{"rendered":"<p>Gracias a las gestiones de la alcaldesa Miriam Soto, 60 personas en situaci\u00f3n de vulnerabilidad podr\u00e1n recibir alimento en el seccional de L\u00e1zaro C\u00e1rdenas<\/p>\n<p>Gracias a las gestiones de la alcaldesa Miriam Soto ante la Secretar\u00eda de Desarrollo Humano y Bien Com\u00fan de Gobierno del Estado, en pr\u00f3ximos d\u00edas dar\u00e1 inicio el primer Comedor Comunitario en el municipio de Meoqui, el cual estar\u00e1 ubicado en el seccional de L\u00e1zaro C\u00e1rdenas, mismo que brindar\u00e1 comida caliente todos los d\u00edas de forma totalmente gratuita, dirigida principalmente a personas adultas mayores, personas en situaci\u00f3n de vulnerabilidad o a quienes no tengan acceso a un platillo de comida, el cual trabajar\u00e1 en un horario de 1 a 3 de la tarde.<\/p>\n<p>El director del DIF Municipal, Luis Valles, mencion\u00f3 que el comedor estar\u00e1 ubicado en la calle Venustiano Carranza y Francisco Villa, un punto c\u00e9ntrico del seccional para facilitar el acceso a los beneficiarios. Adem\u00e1s, invit\u00f3 a quienes deseen recibir el apoyo o conozcan a alguien que lo necesite, a acercarse para realizar su pre registro al programa Nutri Chihuahua.<\/p>\n<p>Finalmente, coment\u00f3 que, a la fecha, el DIF Municipal registra 35 solicitudes y estando a la espera del d\u00eda de inicio de operaciones la pr\u00f3xima semana, destacando que tanto el DIF como la Presidencia Municipal acompa\u00f1ar\u00e1n permanentemente al personal del comedor, con el objetivo de crecer el programa y aumentar el n\u00famero de beneficiarios.<\/p>\n","protected":false},"excerpt":{"rendered":"<p>Gracias a las gestiones de la alcaldesa Miriam Soto, 60 personas en situaci\u00f3n de vulnerabilidad podr\u00e1n recibir alimento en el seccional de L\u00e1zaro C\u00e1rdenas Gracias a las gestiones de la alcaldesa Miriam Soto ante la Secretar\u00eda de Desarrollo Humano y Bien Com\u00fan de Gobierno del Estado, en pr\u00f3ximos d\u00edas dar\u00e1 inicio el primer Comedor Comunitario en el municipio de Meoqui, el cual estar\u00e1 ubicado en el seccional de L\u00e1zaro C\u00e1rdenas, mismo que brindar\u00e1 comida caliente todos los d\u00edas de forma totalmente gratuita, dirigida principalmente a personas adultas mayores, personas en situaci\u00f3n de vulnerabilidad o a quienes no tengan acceso a un platillo de comida, el cual trabajar\u00e1 en un horario de 1 a 3 de la tarde. El director del DIF Municipal, Luis Valles, mencion\u00f3 que el comedor estar\u00e1 ubicado en la calle Venustiano Carranza y Francisco Villa, un punto c\u00e9ntrico del seccional para facilitar el acceso a los beneficiarios. Adem\u00e1s, invit\u00f3 a quienes deseen recibir el apoyo o conozcan a alguien que lo necesite, a acercarse para realizar su pre registro al programa Nutri Chihuahua. Finalmente, coment\u00f3 que, a la fecha, el DIF Municipal registra 35 solicitudes y estando a la espera del d\u00eda de inicio de operaciones la pr\u00f3xima semana, destacando que tanto el DIF como la Presidencia Municipal acompa\u00f1ar\u00e1n permanentemente al personal del comedor, con el objetivo de crecer el programa y aumentar el n\u00famero de beneficiarios.<\/p>\n","protected":false},"author":2,"featured_media":19141,"comment_status":"open","ping_status":"open","sticky":false,"template":"","format":"standard","meta":{"_monsterinsights_skip_tracking":false,"_monsterinsights_sitenote_active":false,"_monsterinsights_sitenote_note":"","_monsterinsights_sitenote_category":0,"advanced_seo_description":"","jetpack_seo_html_title":"","jetpack_seo_noindex":false,"_jetpack_memberships_contains_paid_content":false,"footnotes":"","jetpack_publicize_message":"","jetpack_publicize_feature_enabled":true,"jetpack_social_post_already_shared":true,"jetpack_social_options":{"image_generator_settings":{"template":"highway","enabled":false},"version":2}},"categories":[135,7,11],"tags":[],"class_list":["post-19140","post","type-post","status-publish","format-standard","has-post-thumbnail","hentry","category-lo-mas-leido","category-local","category-principal"],"jetpack_publicize_connections":[],"jetpack_sharing_enabled":true,"jetpack_featured_media_url":"https:\/\/i0.wp.com\/alcierrenoticias.com\/wp-content\/uploads\/2025\/11\/WhatsApp-Image-2025-11-29-at-9.34.44-AM.jpeg?fit=1600%2C1200&ssl=1","amp_enabled":true,"_links":{"self":[{"href":"https:\/\/alcierrenoticias.com\/index.php\/wp-json\/wp\/v2\/posts\/19140","targetHints":{"allow":["GET"]}}],"collection":[{"href":"https:\/\/alcierrenoticias.com\/index.php\/wp-json\/wp\/v2\/posts"}],"about":[{"href":"https:\/\/alcierrenoticias.com\/index.php\/wp-json\/wp\/v2\/types\/post"}],"author":[{"embeddable":true,"href":"https:\/\/alcierrenoticias.com\/index.php\/wp-json\/wp\/v2\/users\/2"}],"replies":[{"embeddable":true,"href":"https:\/\/alcierrenoticias.com\/index.php\/wp-json\/wp\/v2\/comments?post=19140"}],"version-history":[{"count":1,"href":"https:\/\/alcierrenoticias.com\/index.php\/wp-json\/wp\/v2\/posts\/19140\/revisions"}],"predecessor-version":[{"id":19142,"href":"https:\/\/alcierrenoticias.com\/index.php\/wp-json\/wp\/v2\/posts\/19140\/revisions\/19142"}],"wp:featuredmedia":[{"embeddable":true,"href":"https:\/\/alcierrenoticias.com\/index.php\/wp-json\/wp\/v2\/media\/19141"}],"wp:attachment":[{"href":"https:\/\/alcierrenoticias.com\/index.php\/wp-json\/wp\/v2\/media?parent=19140"}],"wp:term":[{"taxonomy":"category","embeddable":true,"href":"https:\/\/alcierrenoticias.com\/index.php\/wp-json\/wp\/v2\/categories?post=19140"},{"taxonomy":"post_tag","embeddable":true,"href":"https:\/\/alcierrenoticias.com\/index.php\/wp-json\/wp\/v2\/tags?post=19140"}],"curies":[{"name":"wp","href":"https:\/\/api.w.org\/{rel}","templated":true}]}}