{"id":19136,"date":"2025-11-28T13:42:28","date_gmt":"2025-11-28T19:42:28","guid":{"rendered":"https:\/\/alcierrenoticias.com\/?p=19136"},"modified":"2025-11-29T09:44:15","modified_gmt":"2025-11-29T15:44:15","slug":"exhortan-a-delicienses-a-acudir-al-reciclaton-este-29-y-30-de-noviembre","status":"publish","type":"post","link":"https:\/\/alcierrenoticias.com\/index.php\/2025\/11\/28\/exhortan-a-delicienses-a-acudir-al-reciclaton-este-29-y-30-de-noviembre\/","title":{"rendered":"Exhortan a delicienses a acudir al Reciclat\u00f3n este 29 y 30 de noviembre."},"content":{"rendered":"<p>El municipio de Delicias llevar\u00e1 a cabo este 29 y 30 de noviembre el Reciclat\u00f3n Eco Punto Verde, una jornada destinada a promover la correcta disposici\u00f3n de materiales reciclables y residuos especiales. De acuerdo con Juan Torrecillas, jefe de Medioambiente, el evento se realizar\u00e1 en la Plaza de la Rep\u00fablica, en horario de 10:00 de la ma\u00f1ana a 4:00 de la tarde.<\/p>\n<p>La actividad incluir\u00e1 servicios especiales como vacunaci\u00f3n antirr\u00e1bica, desparasitaci\u00f3n de perros y gatos, adem\u00e1s del acopio de croquetas para apoyar el Croquet\u00f3n 2025. Destac\u00f3 que estas acciones buscan fomentar una cultura de corresponsabilidad ambiental y social entre la ciudadan\u00eda.<\/p>\n<p>Durante la jornada se recibir\u00e1 basura electr\u00f3nica, entre ella CPU\u2019s, laptops, monitores, televisores, impresoras, esc\u00e1neres, copiadoras, cables, celulares, teclados, mouse, cargadores, c\u00e1maras, tabletas, DVD y peque\u00f1os electrodom\u00e9sticos. Tambi\u00e9n se aceptar\u00e1 chatarra, aceite usado de cocina, grasa vegetal y animal, pl\u00e1stico, papel, archivo o peri\u00f3dico, vidrio y pilas alcalinas, materiales cuyo reciclaje contribuye a apoyar a ni\u00f1os con c\u00e1ncer.<\/p>\n<p>El jefe de Medioambiente aclar\u00f3 que no se recibir\u00e1n t\u00f3ners, focos fluorescentes, aceite de motor ni medicamentos caducos, debido a que requieren un manejo especializado que no forma parte del programa actual. Invit\u00f3 a la poblaci\u00f3n a verificar sus residuos antes de acudir al punto de recepci\u00f3n.<\/p>\n<p>Finalmente, inform\u00f3 que durante el Reciclat\u00f3n habr\u00e1 donaci\u00f3n de \u00e1rboles para quienes participen, como un incentivo para continuar promoviendo el cuidado del entorno. Para dudas o mayor informaci\u00f3n, se puso a disposici\u00f3n el WhatsApp de la Jefatura de Medioambiente: (639) 470 9183.<\/p>\n","protected":false},"excerpt":{"rendered":"<p>El municipio de Delicias llevar\u00e1 a cabo este 29 y 30 de noviembre el Reciclat\u00f3n Eco Punto Verde, una jornada destinada a promover la correcta disposici\u00f3n de materiales reciclables y residuos especiales. De acuerdo con Juan Torrecillas, jefe de Medioambiente, el evento se realizar\u00e1 en la Plaza de la Rep\u00fablica, en horario de 10:00 de la ma\u00f1ana a 4:00 de la tarde. La actividad incluir\u00e1 servicios especiales como vacunaci\u00f3n antirr\u00e1bica, desparasitaci\u00f3n de perros y gatos, adem\u00e1s del acopio de croquetas para apoyar el Croquet\u00f3n 2025. Destac\u00f3 que estas acciones buscan fomentar una cultura de corresponsabilidad ambiental y social entre la ciudadan\u00eda. Durante la jornada se recibir\u00e1 basura electr\u00f3nica, entre ella CPU\u2019s, laptops, monitores, televisores, impresoras, esc\u00e1neres, copiadoras, cables, celulares, teclados, mouse, cargadores, c\u00e1maras, tabletas, DVD y peque\u00f1os electrodom\u00e9sticos. Tambi\u00e9n se aceptar\u00e1 chatarra, aceite usado de cocina, grasa vegetal y animal, pl\u00e1stico, papel, archivo o peri\u00f3dico, vidrio y pilas alcalinas, materiales cuyo reciclaje contribuye a apoyar a ni\u00f1os con c\u00e1ncer. El jefe de Medioambiente aclar\u00f3 que no se recibir\u00e1n t\u00f3ners, focos fluorescentes, aceite de motor ni medicamentos caducos, debido a que requieren un manejo especializado que no forma parte del programa actual. Invit\u00f3 a la poblaci\u00f3n a verificar sus residuos antes de acudir al punto de recepci\u00f3n. Finalmente, inform\u00f3 que durante el Reciclat\u00f3n habr\u00e1 donaci\u00f3n de \u00e1rboles para quienes participen, como un incentivo para continuar promoviendo el cuidado del entorno. Para dudas o mayor informaci\u00f3n, se puso a disposici\u00f3n el WhatsApp de la Jefatura de Medioambiente: (639) 470 9183.<\/p>\n","protected":false},"author":2,"featured_media":19137,"comment_status":"open","ping_status":"open","sticky":false,"template":"","format":"standard","meta":{"_monsterinsights_skip_tracking":false,"_monsterinsights_sitenote_active":false,"_monsterinsights_sitenote_note":"","_monsterinsights_sitenote_category":0,"advanced_seo_description":"","jetpack_seo_html_title":"","jetpack_seo_noindex":false,"_jetpack_memberships_contains_paid_content":false,"footnotes":"","jetpack_publicize_message":"","jetpack_publicize_feature_enabled":true,"jetpack_social_post_already_shared":true,"jetpack_social_options":{"image_generator_settings":{"template":"highway","enabled":false},"version":2}},"categories":[135,7,11],"tags":[],"class_list":["post-19136","post","type-post","status-publish","format-standard","has-post-thumbnail","hentry","category-lo-mas-leido","category-local","category-principal"],"jetpack_publicize_connections":[],"jetpack_sharing_enabled":true,"jetpack_featured_media_url":"https:\/\/i0.wp.com\/alcierrenoticias.com\/wp-content\/uploads\/2025\/11\/WhatsApp-Image-2025-11-29-at-9.33.55-AM-e1764431048559.jpeg?fit=400%2C353&ssl=1","amp_enabled":true,"_links":{"self":[{"href":"https:\/\/alcierrenoticias.com\/index.php\/wp-json\/wp\/v2\/posts\/19136","targetHints":{"allow":["GET"]}}],"collection":[{"href":"https:\/\/alcierrenoticias.com\/index.php\/wp-json\/wp\/v2\/posts"}],"about":[{"href":"https:\/\/alcierrenoticias.com\/index.php\/wp-json\/wp\/v2\/types\/post"}],"author":[{"embeddable":true,"href":"https:\/\/alcierrenoticias.com\/index.php\/wp-json\/wp\/v2\/users\/2"}],"replies":[{"embeddable":true,"href":"https:\/\/alcierrenoticias.com\/index.php\/wp-json\/wp\/v2\/comments?post=19136"}],"version-history":[{"count":2,"href":"https:\/\/alcierrenoticias.com\/index.php\/wp-json\/wp\/v2\/posts\/19136\/revisions"}],"predecessor-version":[{"id":19139,"href":"https:\/\/alcierrenoticias.com\/index.php\/wp-json\/wp\/v2\/posts\/19136\/revisions\/19139"}],"wp:featuredmedia":[{"embeddable":true,"href":"https:\/\/alcierrenoticias.com\/index.php\/wp-json\/wp\/v2\/media\/19137"}],"wp:attachment":[{"href":"https:\/\/alcierrenoticias.com\/index.php\/wp-json\/wp\/v2\/media?parent=19136"}],"wp:term":[{"taxonomy":"category","embeddable":true,"href":"https:\/\/alcierrenoticias.com\/index.php\/wp-json\/wp\/v2\/categories?post=19136"},{"taxonomy":"post_tag","embeddable":true,"href":"https:\/\/alcierrenoticias.com\/index.php\/wp-json\/wp\/v2\/tags?post=19136"}],"curies":[{"name":"wp","href":"https:\/\/api.w.org\/{rel}","templated":true}]}}