{"id":19132,"date":"2025-11-28T13:39:05","date_gmt":"2025-11-28T19:39:05","guid":{"rendered":"https:\/\/alcierrenoticias.com\/?p=19132"},"modified":"2025-11-29T09:42:13","modified_gmt":"2025-11-29T15:42:13","slug":"presentan-el-programa-la-tribu-para-fortalecer-a-la-juventud-en-situacion-de-vulnerabilidad-en-delicias","status":"publish","type":"post","link":"https:\/\/alcierrenoticias.com\/index.php\/2025\/11\/28\/presentan-el-programa-la-tribu-para-fortalecer-a-la-juventud-en-situacion-de-vulnerabilidad-en-delicias\/","title":{"rendered":"Presentan el programa \u201cLa Tribu\u201d para fortalecer a la juventud en situaci\u00f3n de vulnerabilidad en Delicias."},"content":{"rendered":"<p>A trav\u00e9s de una rueda de prensa realizada en la sala de regidores, autoridades municipales y coordinadores del proyecto dieron el arranque oficial al programa \u201cLa Tribu\u201d, una iniciativa sin fines de lucro enfocada en acompa\u00f1ar a j\u00f3venes en situaci\u00f3n de vulnerabilidad mediante actividades que fortalezcan su salud mental y desarrollo personal. El anuncio incluy\u00f3 las fechas clave para su puesta en marcha.<\/p>\n<p>Durante el evento, Miguel Alfredo Aguirre, director del INMUDEJ, ofreci\u00f3 el mensaje de apertura, resaltando la importancia de generar espacios seguros donde los j\u00f3venes puedan expresarse y construir herramientas que les permitan crecer en un entorno saludable. Posteriormente, Martha Barriga, gerente del programa, detall\u00f3 los objetivos y alcances de La Tribu, subrayando que el proyecto busca crear una verdadera red de apoyo comunitaria.<\/p>\n<p>\u201cLa Tribu es una iniciativa dedicada a acompa\u00f1ar a j\u00f3venes en situaci\u00f3n de vulnerabilidad, ofreci\u00e9ndoles herramientas reales para fortalecer su salud mental, prevenir adicciones y desarrollar habilidades para la vida\u201d, expres\u00f3 Barriga. Explic\u00f3 que, a trav\u00e9s de actividades deportivas, art\u00edsticas y formativas, se busca que cada participante encuentre prop\u00f3sito, pertenencia y alternativas positivas para su futuro.<\/p>\n<p>El programa tendr\u00e1 una duraci\u00f3n de seis meses e incluir\u00e1 actividades deportivas como futbol, adem\u00e1s de talleres de cer\u00e1mica, bordado y telares, cester\u00eda, macram\u00e9 y joyer\u00eda, dise\u00f1ados para fomentar la creatividad y habilidades socioemocionales. Asimismo, se inform\u00f3 que el 14 de enero se firmar\u00e1 el convenio oficial del proyecto, mientras que las actividades del programa arrancar\u00e1n el 19 de enero, marcando el inicio formal de las labores con los j\u00f3venes.<\/p>\n<p>Finalmente, el secretario municipal, Lic. Enrique D\u00edaz, reiter\u00f3 el respaldo del Gobierno Municipal hacia proyectos que incentiven el crecimiento de la juventud y fortalezcan el tejido social. A\u00f1adi\u00f3 que iniciativas como La Tribu permiten construir comunidades m\u00e1s resilientes, donde los j\u00f3venes se sientan escuchados, acompa\u00f1ados y motivados a alcanzar su m\u00e1ximo potencial.<\/p>\n","protected":false},"excerpt":{"rendered":"<p>A trav\u00e9s de una rueda de prensa realizada en la sala de regidores, autoridades municipales y coordinadores del proyecto dieron el arranque oficial al programa \u201cLa Tribu\u201d, una iniciativa sin fines de lucro enfocada en acompa\u00f1ar a j\u00f3venes en situaci\u00f3n de vulnerabilidad mediante actividades que fortalezcan su salud mental y desarrollo personal. El anuncio incluy\u00f3 las fechas clave para su puesta en marcha. Durante el evento, Miguel Alfredo Aguirre, director del INMUDEJ, ofreci\u00f3 el mensaje de apertura, resaltando la importancia de generar espacios seguros donde los j\u00f3venes puedan expresarse y construir herramientas que les permitan crecer en un entorno saludable. Posteriormente, Martha Barriga, gerente del programa, detall\u00f3 los objetivos y alcances de La Tribu, subrayando que el proyecto busca crear una verdadera red de apoyo comunitaria. \u201cLa Tribu es una iniciativa dedicada a acompa\u00f1ar a j\u00f3venes en situaci\u00f3n de vulnerabilidad, ofreci\u00e9ndoles herramientas reales para fortalecer su salud mental, prevenir adicciones y desarrollar habilidades para la vida\u201d, expres\u00f3 Barriga. Explic\u00f3 que, a trav\u00e9s de actividades deportivas, art\u00edsticas y formativas, se busca que cada participante encuentre prop\u00f3sito, pertenencia y alternativas positivas para su futuro. El programa tendr\u00e1 una duraci\u00f3n de seis meses e incluir\u00e1 actividades deportivas como futbol, adem\u00e1s de talleres de cer\u00e1mica, bordado y telares, cester\u00eda, macram\u00e9 y joyer\u00eda, dise\u00f1ados para fomentar la creatividad y habilidades socioemocionales. Asimismo, se inform\u00f3 que el 14 de enero se firmar\u00e1 el convenio oficial del proyecto, mientras que las actividades del programa arrancar\u00e1n el 19 de enero, marcando el inicio formal de las labores con los j\u00f3venes. Finalmente, el secretario municipal, Lic. Enrique D\u00edaz, reiter\u00f3 el respaldo del Gobierno Municipal hacia proyectos que incentiven el crecimiento de la juventud y fortalezcan el tejido social. A\u00f1adi\u00f3 que iniciativas como La Tribu permiten construir comunidades m\u00e1s resilientes, donde los j\u00f3venes se sientan escuchados, acompa\u00f1ados y motivados a alcanzar su m\u00e1ximo potencial.<\/p>\n","protected":false},"author":2,"featured_media":19133,"comment_status":"open","ping_status":"open","sticky":false,"template":"","format":"standard","meta":{"_monsterinsights_skip_tracking":false,"_monsterinsights_sitenote_active":false,"_monsterinsights_sitenote_note":"","_monsterinsights_sitenote_category":0,"advanced_seo_description":"","jetpack_seo_html_title":"","jetpack_seo_noindex":false,"_jetpack_memberships_contains_paid_content":false,"footnotes":"","jetpack_publicize_message":"","jetpack_publicize_feature_enabled":true,"jetpack_social_post_already_shared":true,"jetpack_social_options":{"image_generator_settings":{"template":"highway","enabled":false},"version":2}},"categories":[135,7,11],"tags":[],"class_list":["post-19132","post","type-post","status-publish","format-standard","has-post-thumbnail","hentry","category-lo-mas-leido","category-local","category-principal"],"jetpack_publicize_connections":[],"jetpack_sharing_enabled":true,"jetpack_featured_media_url":"https:\/\/i0.wp.com\/alcierrenoticias.com\/wp-content\/uploads\/2025\/11\/WhatsApp-Image-2025-11-29-at-9.33.54-AM-1.jpeg?fit=2560%2C1920&ssl=1","amp_enabled":true,"_links":{"self":[{"href":"https:\/\/alcierrenoticias.com\/index.php\/wp-json\/wp\/v2\/posts\/19132","targetHints":{"allow":["GET"]}}],"collection":[{"href":"https:\/\/alcierrenoticias.com\/index.php\/wp-json\/wp\/v2\/posts"}],"about":[{"href":"https:\/\/alcierrenoticias.com\/index.php\/wp-json\/wp\/v2\/types\/post"}],"author":[{"embeddable":true,"href":"https:\/\/alcierrenoticias.com\/index.php\/wp-json\/wp\/v2\/users\/2"}],"replies":[{"embeddable":true,"href":"https:\/\/alcierrenoticias.com\/index.php\/wp-json\/wp\/v2\/comments?post=19132"}],"version-history":[{"count":2,"href":"https:\/\/alcierrenoticias.com\/index.php\/wp-json\/wp\/v2\/posts\/19132\/revisions"}],"predecessor-version":[{"id":19135,"href":"https:\/\/alcierrenoticias.com\/index.php\/wp-json\/wp\/v2\/posts\/19132\/revisions\/19135"}],"wp:featuredmedia":[{"embeddable":true,"href":"https:\/\/alcierrenoticias.com\/index.php\/wp-json\/wp\/v2\/media\/19133"}],"wp:attachment":[{"href":"https:\/\/alcierrenoticias.com\/index.php\/wp-json\/wp\/v2\/media?parent=19132"}],"wp:term":[{"taxonomy":"category","embeddable":true,"href":"https:\/\/alcierrenoticias.com\/index.php\/wp-json\/wp\/v2\/categories?post=19132"},{"taxonomy":"post_tag","embeddable":true,"href":"https:\/\/alcierrenoticias.com\/index.php\/wp-json\/wp\/v2\/tags?post=19132"}],"curies":[{"name":"wp","href":"https:\/\/api.w.org\/{rel}","templated":true}]}}