{"id":19128,"date":"2025-11-28T12:36:31","date_gmt":"2025-11-28T18:36:31","guid":{"rendered":"https:\/\/alcierrenoticias.com\/?p=19128"},"modified":"2025-11-29T09:38:47","modified_gmt":"2025-11-29T15:38:47","slug":"fortalecen-en-delicias-autocuidado-infantil-con-charla-me-conozco-me-cuido","status":"publish","type":"post","link":"https:\/\/alcierrenoticias.com\/index.php\/2025\/11\/28\/fortalecen-en-delicias-autocuidado-infantil-con-charla-me-conozco-me-cuido\/","title":{"rendered":"Fortalecen en Delicias autocuidado infantil con charla \u201cMe conozco, me cuido\u201d."},"content":{"rendered":"<p>La Coordinadora de Salud en Delicias, Francisca Mercado \u00c1vila, inform\u00f3 sobre la implementaci\u00f3n de una charla dirigida a estudiantes de la Escuela Primaria Constituci\u00f3n, como parte del proyecto Prot\u00e9geme, una organizaci\u00f3n no gubernamental dedicada a la prevenci\u00f3n de la explotaci\u00f3n sexual comercial.<\/p>\n<p>Mercado \u00c1vila explic\u00f3 que la pl\u00e1tica, titulada \u201cMe conozco, me cuido\u201d, fue impartida a un total de 180 alumnos de cuarto, quinto y sexto grado. El objetivo central fue brindar herramientas a los menores para identificar situaciones de riesgo, comprender la importancia del autocuidado y fomentar el respeto hacia su propia integridad.<\/p>\n<p>La funcionaria se\u00f1al\u00f3 que el contenido de la charla se centr\u00f3 en la prevenci\u00f3n del abuso sexual infantil, as\u00ed como en evitar la producci\u00f3n, distribuci\u00f3n y consumo de pornograf\u00eda que vulnera a menores. Adem\u00e1s, se abordaron conductas de riesgo que hoy son frecuentes entre ni\u00f1os y adolescentes, como el uso inadecuado de internet, la exposici\u00f3n a la violencia y la cosificaci\u00f3n de las personas.<\/p>\n<p>Mercado \u00c1vila destac\u00f3 que estas acciones tambi\u00e9n se relacionan directamente con la prevenci\u00f3n de la trata de personas, particularmente en su modalidad de trata con fines de explotaci\u00f3n sexual. Por ello, el proyecto Prot\u00e9geme busca abarcar a todos los ni\u00f1os de nivel primaria, promoviendo la dignidad humana y la construcci\u00f3n de una libertad aut\u00e9ntica desde edades tempranas.<\/p>\n<p>Finalmente, subray\u00f3 que este tipo de charlas continuar\u00e1 imparti\u00e9ndose durante todo el ciclo escolar como parte del programa Educando en Salud, con la intenci\u00f3n de que los ni\u00f1os puedan compartir lo aprendido con sus familias y desarrollen las capacidades necesarias para protegerse.<\/p>\n","protected":false},"excerpt":{"rendered":"<p>La Coordinadora de Salud en Delicias, Francisca Mercado \u00c1vila, inform\u00f3 sobre la implementaci\u00f3n de una charla dirigida a estudiantes de la Escuela Primaria Constituci\u00f3n, como parte del proyecto Prot\u00e9geme, una organizaci\u00f3n no gubernamental dedicada a la prevenci\u00f3n de la explotaci\u00f3n sexual comercial. Mercado \u00c1vila explic\u00f3 que la pl\u00e1tica, titulada \u201cMe conozco, me cuido\u201d, fue impartida a un total de 180 alumnos de cuarto, quinto y sexto grado. El objetivo central fue brindar herramientas a los menores para identificar situaciones de riesgo, comprender la importancia del autocuidado y fomentar el respeto hacia su propia integridad. La funcionaria se\u00f1al\u00f3 que el contenido de la charla se centr\u00f3 en la prevenci\u00f3n del abuso sexual infantil, as\u00ed como en evitar la producci\u00f3n, distribuci\u00f3n y consumo de pornograf\u00eda que vulnera a menores. Adem\u00e1s, se abordaron conductas de riesgo que hoy son frecuentes entre ni\u00f1os y adolescentes, como el uso inadecuado de internet, la exposici\u00f3n a la violencia y la cosificaci\u00f3n de las personas. Mercado \u00c1vila destac\u00f3 que estas acciones tambi\u00e9n se relacionan directamente con la prevenci\u00f3n de la trata de personas, particularmente en su modalidad de trata con fines de explotaci\u00f3n sexual. Por ello, el proyecto Prot\u00e9geme busca abarcar a todos los ni\u00f1os de nivel primaria, promoviendo la dignidad humana y la construcci\u00f3n de una libertad aut\u00e9ntica desde edades tempranas. Finalmente, subray\u00f3 que este tipo de charlas continuar\u00e1 imparti\u00e9ndose durante todo el ciclo escolar como parte del programa Educando en Salud, con la intenci\u00f3n de que los ni\u00f1os puedan compartir lo aprendido con sus familias y desarrollen las capacidades necesarias para protegerse.<\/p>\n","protected":false},"author":2,"featured_media":19129,"comment_status":"open","ping_status":"open","sticky":false,"template":"","format":"standard","meta":{"_monsterinsights_skip_tracking":false,"_monsterinsights_sitenote_active":false,"_monsterinsights_sitenote_note":"","_monsterinsights_sitenote_category":0,"advanced_seo_description":"","jetpack_seo_html_title":"","jetpack_seo_noindex":false,"_jetpack_memberships_contains_paid_content":false,"footnotes":"","jetpack_publicize_message":"","jetpack_publicize_feature_enabled":true,"jetpack_social_post_already_shared":true,"jetpack_social_options":{"image_generator_settings":{"template":"highway","enabled":false},"version":2}},"categories":[135,7,11],"tags":[],"class_list":["post-19128","post","type-post","status-publish","format-standard","has-post-thumbnail","hentry","category-lo-mas-leido","category-local","category-principal"],"jetpack_publicize_connections":[],"jetpack_sharing_enabled":true,"jetpack_featured_media_url":"https:\/\/i0.wp.com\/alcierrenoticias.com\/wp-content\/uploads\/2025\/11\/WhatsApp-Image-2025-11-29-at-9.33.54-AM.jpeg?fit=1280%2C960&ssl=1","amp_enabled":true,"_links":{"self":[{"href":"https:\/\/alcierrenoticias.com\/index.php\/wp-json\/wp\/v2\/posts\/19128","targetHints":{"allow":["GET"]}}],"collection":[{"href":"https:\/\/alcierrenoticias.com\/index.php\/wp-json\/wp\/v2\/posts"}],"about":[{"href":"https:\/\/alcierrenoticias.com\/index.php\/wp-json\/wp\/v2\/types\/post"}],"author":[{"embeddable":true,"href":"https:\/\/alcierrenoticias.com\/index.php\/wp-json\/wp\/v2\/users\/2"}],"replies":[{"embeddable":true,"href":"https:\/\/alcierrenoticias.com\/index.php\/wp-json\/wp\/v2\/comments?post=19128"}],"version-history":[{"count":2,"href":"https:\/\/alcierrenoticias.com\/index.php\/wp-json\/wp\/v2\/posts\/19128\/revisions"}],"predecessor-version":[{"id":19131,"href":"https:\/\/alcierrenoticias.com\/index.php\/wp-json\/wp\/v2\/posts\/19128\/revisions\/19131"}],"wp:featuredmedia":[{"embeddable":true,"href":"https:\/\/alcierrenoticias.com\/index.php\/wp-json\/wp\/v2\/media\/19129"}],"wp:attachment":[{"href":"https:\/\/alcierrenoticias.com\/index.php\/wp-json\/wp\/v2\/media?parent=19128"}],"wp:term":[{"taxonomy":"category","embeddable":true,"href":"https:\/\/alcierrenoticias.com\/index.php\/wp-json\/wp\/v2\/categories?post=19128"},{"taxonomy":"post_tag","embeddable":true,"href":"https:\/\/alcierrenoticias.com\/index.php\/wp-json\/wp\/v2\/tags?post=19128"}],"curies":[{"name":"wp","href":"https:\/\/api.w.org\/{rel}","templated":true}]}}