{"id":19123,"date":"2025-11-27T18:43:34","date_gmt":"2025-11-28T00:43:34","guid":{"rendered":"https:\/\/alcierrenoticias.com\/?p=19123"},"modified":"2025-11-27T18:44:00","modified_gmt":"2025-11-28T00:44:00","slug":"arranco-en-delicias-el-servicio-del-dr-vagon-el-tren-de-la-salud-con-consultas-y-estudios-totalmente-gratuitos","status":"publish","type":"post","link":"https:\/\/alcierrenoticias.com\/index.php\/2025\/11\/27\/arranco-en-delicias-el-servicio-del-dr-vagon-el-tren-de-la-salud-con-consultas-y-estudios-totalmente-gratuitos\/","title":{"rendered":"Arranc\u00f3 en Delicias el servicio del Dr. Vag\u00f3n, el Tren de la Salud, con consultas y estudios totalmente gratuitos."},"content":{"rendered":"<p>Delicias dio inicio este jueves a la atenci\u00f3n del Dr. Vag\u00f3n, el Tren de la Salud, que permanecer\u00e1 en el municipio hasta el domingo ofreciendo consultas y servicios m\u00e9dicos gratuitos para toda la poblaci\u00f3n. El arranque oficial fue encabezado por la presidenta del DIF Municipal, Alma Limas de Valenciano, la coordinadora de Salud en Delicias, Francisca Mercado \u00c1vila, y Antonio Mart\u00ednez, jefe administrativo del Dr. Vag\u00f3n, quienes dieron la bienvenida a decenas de familias que desde muy temprano acudieron en busca de atenci\u00f3n.<\/p>\n<p>Durante el evento, Antonio Mart\u00ednez destac\u00f3 el compromiso del personal que integra el Tren de la Salud, se\u00f1alando que cada m\u00e9dico, t\u00e9cnico y especialista llega con una consigna clara: servir a la comunidad. Subray\u00f3 el esfuerzo que representa la log\u00edstica para traer esta unidad m\u00e9dica itinerante, pero afirm\u00f3 que \u201cvale completamente la pena cuando vemos el apoyo y la respuesta de la ciudadan\u00eda\u201d. Invit\u00f3 a las personas a acudir y aprovechar los servicios, recordando que diariamente se entregan 500 fichas a partir de las 6 de la ma\u00f1ana, sin apartados y con atenci\u00f3n directa al paciente.<\/p>\n<p>Explic\u00f3 que el Dr. Vag\u00f3n cuenta con equipamiento de primer nivel para brindar estudios y diagn\u00f3sticos en el momento, sin ning\u00fan costo. Detall\u00f3 que \u00e1reas como audiometr\u00eda, odontolog\u00eda, optometr\u00eda, nutrici\u00f3n y quiropr\u00e1ctica utilizan equipo nuevo, no recondicionado, y m\u00e9todos modernos como la electroterapia para acelerar la recuperaci\u00f3n de lesiones. Enfatiz\u00f3 que todos los servicios, incluidos aparatos auditivos y apoyos terap\u00e9uticos, se entregan calibrados y completamente gratuitos.<\/p>\n<p>Asimismo, destac\u00f3 el servicio especializado para mujeres, como ginecolog\u00eda y mastograf\u00edas, equipadas con tecnolog\u00eda m\u00e1s c\u00f3moda y precisa. Se\u00f1al\u00f3 que es importante romper las barreras de miedo o incomodidad y acudir a realizarse estos estudios preventivos, ya que permiten detectar problemas a tiempo y mejorar la calidad de vida. El Tren de la Salud tambi\u00e9n incluye carpas adicionales donde se brindan servicios complementarios y donde se canaliza a los pacientes que requieren estudios m\u00e1s profundos.<\/p>\n<p>Finalmente, la presidenta del DIF, Alma Limas, y la coordinadora de Salud, Francisca Mercado \u00c1vila, agradecieron el arribo del Dr. Vag\u00f3n a Delicias, destacando que representa una oportunidad invaluable para miles de familias que podr\u00e1n acceder a atenci\u00f3n m\u00e9dica digna, profesional y gratuita. Invitaron a la comunidad a correr la voz y aprovechar al m\u00e1ximo esta estad\u00eda, reafirmando el compromiso del Gobierno Municipal de seguir acercando programas y servicios que fortalezcan la salud y el bienestar de la poblaci\u00f3n.<\/p>\n","protected":false},"excerpt":{"rendered":"<p>Delicias dio inicio este jueves a la atenci\u00f3n del Dr. Vag\u00f3n, el Tren de la Salud, que permanecer\u00e1 en el municipio hasta el domingo ofreciendo consultas y servicios m\u00e9dicos gratuitos para toda la poblaci\u00f3n. El arranque oficial fue encabezado por la presidenta del DIF Municipal, Alma Limas de Valenciano, la coordinadora de Salud en Delicias, Francisca Mercado \u00c1vila, y Antonio Mart\u00ednez, jefe administrativo del Dr. Vag\u00f3n, quienes dieron la bienvenida a decenas de familias que desde muy temprano acudieron en busca de atenci\u00f3n. Durante el evento, Antonio Mart\u00ednez destac\u00f3 el compromiso del personal que integra el Tren de la Salud, se\u00f1alando que cada m\u00e9dico, t\u00e9cnico y especialista llega con una consigna clara: servir a la comunidad. Subray\u00f3 el esfuerzo que representa la log\u00edstica para traer esta unidad m\u00e9dica itinerante, pero afirm\u00f3 que \u201cvale completamente la pena cuando vemos el apoyo y la respuesta de la ciudadan\u00eda\u201d. Invit\u00f3 a las personas a acudir y aprovechar los servicios, recordando que diariamente se entregan 500 fichas a partir de las 6 de la ma\u00f1ana, sin apartados y con atenci\u00f3n directa al paciente. Explic\u00f3 que el Dr. Vag\u00f3n cuenta con equipamiento de primer nivel para brindar estudios y diagn\u00f3sticos en el momento, sin ning\u00fan costo. Detall\u00f3 que \u00e1reas como audiometr\u00eda, odontolog\u00eda, optometr\u00eda, nutrici\u00f3n y quiropr\u00e1ctica utilizan equipo nuevo, no recondicionado, y m\u00e9todos modernos como la electroterapia para acelerar la recuperaci\u00f3n de lesiones. Enfatiz\u00f3 que todos los servicios, incluidos aparatos auditivos y apoyos terap\u00e9uticos, se entregan calibrados y completamente gratuitos. Asimismo, destac\u00f3 el servicio especializado para mujeres, como ginecolog\u00eda y mastograf\u00edas, equipadas con tecnolog\u00eda m\u00e1s c\u00f3moda y precisa. Se\u00f1al\u00f3 que es importante romper las barreras de miedo o incomodidad y acudir a realizarse estos estudios preventivos, ya que permiten detectar problemas a tiempo y mejorar la calidad de vida. El Tren de la Salud tambi\u00e9n incluye carpas adicionales donde se brindan servicios complementarios y donde se canaliza a los pacientes que requieren estudios m\u00e1s profundos. Finalmente, la presidenta del DIF, Alma Limas, y la coordinadora de Salud, Francisca Mercado \u00c1vila, agradecieron el arribo del Dr. Vag\u00f3n a Delicias, destacando que representa una oportunidad invaluable para miles de familias que podr\u00e1n acceder a atenci\u00f3n m\u00e9dica digna, profesional y gratuita. Invitaron a la comunidad a correr la voz y aprovechar al m\u00e1ximo esta estad\u00eda, reafirmando el compromiso del Gobierno Municipal de seguir acercando programas y servicios que fortalezcan la salud y el bienestar de la poblaci\u00f3n.<\/p>\n","protected":false},"author":2,"featured_media":19124,"comment_status":"open","ping_status":"open","sticky":false,"template":"","format":"standard","meta":{"_monsterinsights_skip_tracking":false,"_monsterinsights_sitenote_active":false,"_monsterinsights_sitenote_note":"","_monsterinsights_sitenote_category":0,"advanced_seo_description":"","jetpack_seo_html_title":"","jetpack_seo_noindex":false,"_jetpack_memberships_contains_paid_content":false,"footnotes":"","jetpack_publicize_message":"","jetpack_publicize_feature_enabled":true,"jetpack_social_post_already_shared":true,"jetpack_social_options":{"image_generator_settings":{"template":"highway","enabled":false},"version":2}},"categories":[135,7,11],"tags":[],"class_list":["post-19123","post","type-post","status-publish","format-standard","has-post-thumbnail","hentry","category-lo-mas-leido","category-local","category-principal"],"jetpack_publicize_connections":[],"jetpack_sharing_enabled":true,"jetpack_featured_media_url":"https:\/\/i0.wp.com\/alcierrenoticias.com\/wp-content\/uploads\/2025\/11\/WhatsApp-Image-2025-11-27-at-6.09.22-PM-3.jpeg?fit=1280%2C960&ssl=1","amp_enabled":true,"_links":{"self":[{"href":"https:\/\/alcierrenoticias.com\/index.php\/wp-json\/wp\/v2\/posts\/19123","targetHints":{"allow":["GET"]}}],"collection":[{"href":"https:\/\/alcierrenoticias.com\/index.php\/wp-json\/wp\/v2\/posts"}],"about":[{"href":"https:\/\/alcierrenoticias.com\/index.php\/wp-json\/wp\/v2\/types\/post"}],"author":[{"embeddable":true,"href":"https:\/\/alcierrenoticias.com\/index.php\/wp-json\/wp\/v2\/users\/2"}],"replies":[{"embeddable":true,"href":"https:\/\/alcierrenoticias.com\/index.php\/wp-json\/wp\/v2\/comments?post=19123"}],"version-history":[{"count":1,"href":"https:\/\/alcierrenoticias.com\/index.php\/wp-json\/wp\/v2\/posts\/19123\/revisions"}],"predecessor-version":[{"id":19125,"href":"https:\/\/alcierrenoticias.com\/index.php\/wp-json\/wp\/v2\/posts\/19123\/revisions\/19125"}],"wp:featuredmedia":[{"embeddable":true,"href":"https:\/\/alcierrenoticias.com\/index.php\/wp-json\/wp\/v2\/media\/19124"}],"wp:attachment":[{"href":"https:\/\/alcierrenoticias.com\/index.php\/wp-json\/wp\/v2\/media?parent=19123"}],"wp:term":[{"taxonomy":"category","embeddable":true,"href":"https:\/\/alcierrenoticias.com\/index.php\/wp-json\/wp\/v2\/categories?post=19123"},{"taxonomy":"post_tag","embeddable":true,"href":"https:\/\/alcierrenoticias.com\/index.php\/wp-json\/wp\/v2\/tags?post=19123"}],"curies":[{"name":"wp","href":"https:\/\/api.w.org\/{rel}","templated":true}]}}