{"id":19111,"date":"2025-11-26T20:16:16","date_gmt":"2025-11-27T02:16:16","guid":{"rendered":"https:\/\/alcierrenoticias.com\/?p=19111"},"modified":"2025-11-27T18:46:40","modified_gmt":"2025-11-28T00:46:40","slug":"mercadito-en-tu-coloniallega-a-la-colonia-chavira-este-jueves-27-a-las-400-pm","status":"publish","type":"post","link":"https:\/\/alcierrenoticias.com\/index.php\/2025\/11\/26\/mercadito-en-tu-coloniallega-a-la-colonia-chavira-este-jueves-27-a-las-400-pm\/","title":{"rendered":"\u201dMercadito en Tu Colonia\u201dllega a la Colonia Chavira este jueves 27 a las 4:00 PM."},"content":{"rendered":"<p>El Gobierno Municipal de Camargo, a trav\u00e9s de la Direcci\u00f3n de Desarrollo Humano, informa la realizaci\u00f3n del programa Mercadito en Tu Colonia en la Colonia Chavira. La actividad se llevar\u00e1 a cabo el jueves 27 de noviembre, en la Escuela Netzahualc\u00f3yotl, a partir de las 4:00 de la tarde.<\/p>\n<p>En esta edici\u00f3n se atender\u00e1 exclusivamente a las y los habitantes de Chavira, reforzando el compromiso que tenemos de acercar apoyos que contribuyan a la econom\u00eda familiar. Para recibir el beneficio, ser\u00e1 indispensable presentar copia de la credencial INE.<\/p>\n<p>Con estas acciones, nos comprometimos a seguir acercando programas que fortalezcan el bienestar de las familias, sumando esfuerzos para que m\u00e1s sectores del municipio tengan acceso a apoyos directos y oportunos.<\/p>\n","protected":false},"excerpt":{"rendered":"<p>El Gobierno Municipal de Camargo, a trav\u00e9s de la Direcci\u00f3n de Desarrollo Humano, informa la realizaci\u00f3n del programa Mercadito en Tu Colonia en la Colonia Chavira. La actividad se llevar\u00e1 a cabo el jueves 27 de noviembre, en la Escuela Netzahualc\u00f3yotl, a partir de las 4:00 de la tarde. En esta edici\u00f3n se atender\u00e1 exclusivamente a las y los habitantes de Chavira, reforzando el compromiso que tenemos de acercar apoyos que contribuyan a la econom\u00eda familiar. Para recibir el beneficio, ser\u00e1 indispensable presentar copia de la credencial INE. Con estas acciones, nos comprometimos a seguir acercando programas que fortalezcan el bienestar de las familias, sumando esfuerzos para que m\u00e1s sectores del municipio tengan acceso a apoyos directos y oportunos.<\/p>\n","protected":false},"author":2,"featured_media":19112,"comment_status":"open","ping_status":"open","sticky":false,"template":"","format":"standard","meta":{"_monsterinsights_skip_tracking":false,"_monsterinsights_sitenote_active":false,"_monsterinsights_sitenote_note":"","_monsterinsights_sitenote_category":0,"advanced_seo_description":"","jetpack_seo_html_title":"","jetpack_seo_noindex":false,"_jetpack_memberships_contains_paid_content":false,"footnotes":"","jetpack_publicize_message":"","jetpack_publicize_feature_enabled":true,"jetpack_social_post_already_shared":true,"jetpack_social_options":{"image_generator_settings":{"template":"highway","enabled":false},"version":2}},"categories":[8,135,11],"tags":[],"class_list":["post-19111","post","type-post","status-publish","format-standard","has-post-thumbnail","hentry","category-estado","category-lo-mas-leido","category-principal"],"jetpack_publicize_connections":[],"jetpack_sharing_enabled":true,"jetpack_featured_media_url":"https:\/\/i0.wp.com\/alcierrenoticias.com\/wp-content\/uploads\/2025\/11\/WhatsApp-Image-2025-11-27-at-6.08.27-PM.jpeg?fit=1600%2C1066&ssl=1","amp_enabled":true,"_links":{"self":[{"href":"https:\/\/alcierrenoticias.com\/index.php\/wp-json\/wp\/v2\/posts\/19111","targetHints":{"allow":["GET"]}}],"collection":[{"href":"https:\/\/alcierrenoticias.com\/index.php\/wp-json\/wp\/v2\/posts"}],"about":[{"href":"https:\/\/alcierrenoticias.com\/index.php\/wp-json\/wp\/v2\/types\/post"}],"author":[{"embeddable":true,"href":"https:\/\/alcierrenoticias.com\/index.php\/wp-json\/wp\/v2\/users\/2"}],"replies":[{"embeddable":true,"href":"https:\/\/alcierrenoticias.com\/index.php\/wp-json\/wp\/v2\/comments?post=19111"}],"version-history":[{"count":2,"href":"https:\/\/alcierrenoticias.com\/index.php\/wp-json\/wp\/v2\/posts\/19111\/revisions"}],"predecessor-version":[{"id":19126,"href":"https:\/\/alcierrenoticias.com\/index.php\/wp-json\/wp\/v2\/posts\/19111\/revisions\/19126"}],"wp:featuredmedia":[{"embeddable":true,"href":"https:\/\/alcierrenoticias.com\/index.php\/wp-json\/wp\/v2\/media\/19112"}],"wp:attachment":[{"href":"https:\/\/alcierrenoticias.com\/index.php\/wp-json\/wp\/v2\/media?parent=19111"}],"wp:term":[{"taxonomy":"category","embeddable":true,"href":"https:\/\/alcierrenoticias.com\/index.php\/wp-json\/wp\/v2\/categories?post=19111"},{"taxonomy":"post_tag","embeddable":true,"href":"https:\/\/alcierrenoticias.com\/index.php\/wp-json\/wp\/v2\/tags?post=19111"}],"curies":[{"name":"wp","href":"https:\/\/api.w.org\/{rel}","templated":true}]}}