{"id":19103,"date":"2025-11-26T19:03:03","date_gmt":"2025-11-27T01:03:03","guid":{"rendered":"https:\/\/alcierrenoticias.com\/?p=19103"},"modified":"2025-11-27T18:13:23","modified_gmt":"2025-11-28T00:13:23","slug":"asume-victor-hugo-soto-la-direccion-de-seguridad-publica-de-delicias","status":"publish","type":"post","link":"https:\/\/alcierrenoticias.com\/index.php\/2025\/11\/26\/asume-victor-hugo-soto-la-direccion-de-seguridad-publica-de-delicias\/","title":{"rendered":"Asume V\u00edctor Hugo Soto la Direcci\u00f3n de Seguridad P\u00fablica de Delicias."},"content":{"rendered":"<p>V\u00edctor Hugo Soto fue nombrado como nuevo director de Seguridad P\u00fablica de Delicias, tras ser elegido de manera un\u00e1nime por los integrantes del Ayuntamiento durante sesi\u00f3n de Cabildo. El nombramiento fue formalizado con la toma de protesta realizada por el presidente municipal Jes\u00fas Valenciano Garc\u00eda.<\/p>\n<p>Al asumir el cargo, el nuevo director afirm\u00f3 que llega \u201ccon toda la actitud para trabajar\u201d, destacando que su enfoque principal ser\u00e1 fortalecer las estrategias de seguridad y coordinar de manera eficiente a los distintos departamentos que conforman la corporaci\u00f3n. A\u00f1adi\u00f3 que su experiencia le permitir\u00e1 iniciar funciones con claridad y sin improvisaciones.<\/p>\n<p>El director se\u00f1al\u00f3 que su labor se centrar\u00e1 en un modelo de proximidad con la ciudadan\u00eda, por lo que reiter\u00f3 que su compromiso ser\u00e1 privilegiar siempre el respeto a los derechos humanos y mantener un contacto cercano con la comunidad.<\/p>\n<p>En lo personal, V\u00edctor Hugo Soto reconoci\u00f3 sentirse lleno de emoci\u00f3n y motivaci\u00f3n al asumir esta responsabilidad, a la que calific\u00f3 como un \u201cgran compromiso\u201d con la ciudadan\u00eda de Delicias, enfatizando su disposici\u00f3n absoluta para servir y trabajar por la seguridad de la poblaci\u00f3n.<\/p>\n","protected":false},"excerpt":{"rendered":"<p>V\u00edctor Hugo Soto fue nombrado como nuevo director de Seguridad P\u00fablica de Delicias, tras ser elegido de manera un\u00e1nime por los integrantes del Ayuntamiento durante sesi\u00f3n de Cabildo. El nombramiento fue formalizado con la toma de protesta realizada por el presidente municipal Jes\u00fas Valenciano Garc\u00eda. Al asumir el cargo, el nuevo director afirm\u00f3 que llega \u201ccon toda la actitud para trabajar\u201d, destacando que su enfoque principal ser\u00e1 fortalecer las estrategias de seguridad y coordinar de manera eficiente a los distintos departamentos que conforman la corporaci\u00f3n. A\u00f1adi\u00f3 que su experiencia le permitir\u00e1 iniciar funciones con claridad y sin improvisaciones. El director se\u00f1al\u00f3 que su labor se centrar\u00e1 en un modelo de proximidad con la ciudadan\u00eda, por lo que reiter\u00f3 que su compromiso ser\u00e1 privilegiar siempre el respeto a los derechos humanos y mantener un contacto cercano con la comunidad. En lo personal, V\u00edctor Hugo Soto reconoci\u00f3 sentirse lleno de emoci\u00f3n y motivaci\u00f3n al asumir esta responsabilidad, a la que calific\u00f3 como un \u201cgran compromiso\u201d con la ciudadan\u00eda de Delicias, enfatizando su disposici\u00f3n absoluta para servir y trabajar por la seguridad de la poblaci\u00f3n.<\/p>\n","protected":false},"author":2,"featured_media":19104,"comment_status":"open","ping_status":"open","sticky":false,"template":"","format":"standard","meta":{"_monsterinsights_skip_tracking":false,"_monsterinsights_sitenote_active":false,"_monsterinsights_sitenote_note":"","_monsterinsights_sitenote_category":0,"advanced_seo_description":"","jetpack_seo_html_title":"","jetpack_seo_noindex":false,"_jetpack_memberships_contains_paid_content":false,"footnotes":"","jetpack_publicize_message":"","jetpack_publicize_feature_enabled":true,"jetpack_social_post_already_shared":true,"jetpack_social_options":{"image_generator_settings":{"template":"highway","enabled":false},"version":2}},"categories":[135,7,11],"tags":[],"class_list":["post-19103","post","type-post","status-publish","format-standard","has-post-thumbnail","hentry","category-lo-mas-leido","category-local","category-principal"],"jetpack_publicize_connections":[],"jetpack_sharing_enabled":true,"jetpack_featured_media_url":"https:\/\/i0.wp.com\/alcierrenoticias.com\/wp-content\/uploads\/2025\/11\/WhatsApp-Image-2025-11-26-at-10.03.30-PM.jpeg?fit=2560%2C1920&ssl=1","amp_enabled":true,"_links":{"self":[{"href":"https:\/\/alcierrenoticias.com\/index.php\/wp-json\/wp\/v2\/posts\/19103","targetHints":{"allow":["GET"]}}],"collection":[{"href":"https:\/\/alcierrenoticias.com\/index.php\/wp-json\/wp\/v2\/posts"}],"about":[{"href":"https:\/\/alcierrenoticias.com\/index.php\/wp-json\/wp\/v2\/types\/post"}],"author":[{"embeddable":true,"href":"https:\/\/alcierrenoticias.com\/index.php\/wp-json\/wp\/v2\/users\/2"}],"replies":[{"embeddable":true,"href":"https:\/\/alcierrenoticias.com\/index.php\/wp-json\/wp\/v2\/comments?post=19103"}],"version-history":[{"count":2,"href":"https:\/\/alcierrenoticias.com\/index.php\/wp-json\/wp\/v2\/posts\/19103\/revisions"}],"predecessor-version":[{"id":19106,"href":"https:\/\/alcierrenoticias.com\/index.php\/wp-json\/wp\/v2\/posts\/19103\/revisions\/19106"}],"wp:featuredmedia":[{"embeddable":true,"href":"https:\/\/alcierrenoticias.com\/index.php\/wp-json\/wp\/v2\/media\/19104"}],"wp:attachment":[{"href":"https:\/\/alcierrenoticias.com\/index.php\/wp-json\/wp\/v2\/media?parent=19103"}],"wp:term":[{"taxonomy":"category","embeddable":true,"href":"https:\/\/alcierrenoticias.com\/index.php\/wp-json\/wp\/v2\/categories?post=19103"},{"taxonomy":"post_tag","embeddable":true,"href":"https:\/\/alcierrenoticias.com\/index.php\/wp-json\/wp\/v2\/tags?post=19103"}],"curies":[{"name":"wp","href":"https:\/\/api.w.org\/{rel}","templated":true}]}}