{"id":19095,"date":"2025-11-25T00:24:16","date_gmt":"2025-11-25T06:24:16","guid":{"rendered":"https:\/\/alcierrenoticias.com\/?p=19095"},"modified":"2025-11-26T00:26:29","modified_gmt":"2025-11-26T06:26:29","slug":"conmemoran-con-marcha-en-meoqui-dia-internacional-de-la-eliminacion-de-la-violencia-contra-la-mujer","status":"publish","type":"post","link":"https:\/\/alcierrenoticias.com\/index.php\/2025\/11\/25\/conmemoran-con-marcha-en-meoqui-dia-internacional-de-la-eliminacion-de-la-violencia-contra-la-mujer\/","title":{"rendered":"Conmemoran con marcha en Meoqui D\u00eda Internacional de la Eliminaci\u00f3n de la Violencia contra la Mujer."},"content":{"rendered":"<p>Participan m\u00e1s 100 personas entre instituciones educativas, asociaciones civiles y ciudadan\u00eda en general<\/p>\n<p>Con la participaci\u00f3n de m\u00e1s de 100 personas de distintas instituciones educativas, asociaciones civiles y ciudadan\u00eda en general, el Gobierno Municipal de Meoqui llev\u00f3 a cabo la marcha conmemorativa por el D\u00eda Internacional de la Eliminaci\u00f3n de la Violencia contra la Mujer, donde tambi\u00e9n se realizaron diferentes presentaciones art\u00edsticas, as\u00ed como charlas y ferias de servicios.<\/p>\n<p>\u201cNuestra alcaldesa Miriam Soto siempre est\u00e1 apoyando y muy al pendiente de estos temas y de las situaciones que las mujeres de nuestro municipio puedan llegar a pasar. Estamos aqu\u00ed para ayudarles. No est\u00e1n solas: pidan ayuda. La violencia psicol\u00f3gica tambi\u00e9n es violencia y debemos atenderla\u201d, coment\u00f3 la directora de la Instancia Municipal de Atenci\u00f3n a la Mujer, Mar\u00eda del Refugio Silva,<\/p>\n<p>Asimismo, inform\u00f3 que el evento cont\u00f3 con la asistencia de j\u00f3venes del COBACH 26 de L\u00e1zaro C\u00e1rdenas, CBTa 147, UTCam Meoqui, as\u00ed como integrantes de asociaciones civiles como ONEAMI Escuela para Padres, Yo Amo la Vida, Luchando por Vivir y Servir, Cruz Roja, entre otros colectivos comprometidos con la causa.<\/p>\n<p>Finalmente, la directora tambi\u00e9n se\u00f1al\u00f3 que entre las m\u00e1s de 100 personas asistentes hubo mujeres, hombres, j\u00f3venes, ni\u00f1as y adultos mayores, subrayando que esta lucha es de todas y todos: \u201cEs una causa colectiva. Esta lucha es de todos\u201d, concluy\u00f3.<\/p>\n","protected":false},"excerpt":{"rendered":"<p>Participan m\u00e1s 100 personas entre instituciones educativas, asociaciones civiles y ciudadan\u00eda en general Con la participaci\u00f3n de m\u00e1s de 100 personas de distintas instituciones educativas, asociaciones civiles y ciudadan\u00eda en general, el Gobierno Municipal de Meoqui llev\u00f3 a cabo la marcha conmemorativa por el D\u00eda Internacional de la Eliminaci\u00f3n de la Violencia contra la Mujer, donde tambi\u00e9n se realizaron diferentes presentaciones art\u00edsticas, as\u00ed como charlas y ferias de servicios. \u201cNuestra alcaldesa Miriam Soto siempre est\u00e1 apoyando y muy al pendiente de estos temas y de las situaciones que las mujeres de nuestro municipio puedan llegar a pasar. Estamos aqu\u00ed para ayudarles. No est\u00e1n solas: pidan ayuda. La violencia psicol\u00f3gica tambi\u00e9n es violencia y debemos atenderla\u201d, coment\u00f3 la directora de la Instancia Municipal de Atenci\u00f3n a la Mujer, Mar\u00eda del Refugio Silva, Asimismo, inform\u00f3 que el evento cont\u00f3 con la asistencia de j\u00f3venes del COBACH 26 de L\u00e1zaro C\u00e1rdenas, CBTa 147, UTCam Meoqui, as\u00ed como integrantes de asociaciones civiles como ONEAMI Escuela para Padres, Yo Amo la Vida, Luchando por Vivir y Servir, Cruz Roja, entre otros colectivos comprometidos con la causa. Finalmente, la directora tambi\u00e9n se\u00f1al\u00f3 que entre las m\u00e1s de 100 personas asistentes hubo mujeres, hombres, j\u00f3venes, ni\u00f1as y adultos mayores, subrayando que esta lucha es de todas y todos: \u201cEs una causa colectiva. Esta lucha es de todos\u201d, concluy\u00f3.<\/p>\n","protected":false},"author":2,"featured_media":19096,"comment_status":"open","ping_status":"open","sticky":false,"template":"","format":"standard","meta":{"_monsterinsights_skip_tracking":false,"_monsterinsights_sitenote_active":false,"_monsterinsights_sitenote_note":"","_monsterinsights_sitenote_category":0,"advanced_seo_description":"","jetpack_seo_html_title":"","jetpack_seo_noindex":false,"_jetpack_memberships_contains_paid_content":false,"footnotes":"","jetpack_publicize_message":"","jetpack_publicize_feature_enabled":true,"jetpack_social_post_already_shared":true,"jetpack_social_options":{"image_generator_settings":{"template":"highway","enabled":false},"version":2}},"categories":[135,7,11],"tags":[],"class_list":["post-19095","post","type-post","status-publish","format-standard","has-post-thumbnail","hentry","category-lo-mas-leido","category-local","category-principal"],"jetpack_publicize_connections":[],"jetpack_sharing_enabled":true,"jetpack_featured_media_url":"https:\/\/i0.wp.com\/alcierrenoticias.com\/wp-content\/uploads\/2025\/11\/WhatsApp-Image-2025-11-25-at-8.05.39-PM.jpeg?fit=1600%2C900&ssl=1","amp_enabled":true,"_links":{"self":[{"href":"https:\/\/alcierrenoticias.com\/index.php\/wp-json\/wp\/v2\/posts\/19095","targetHints":{"allow":["GET"]}}],"collection":[{"href":"https:\/\/alcierrenoticias.com\/index.php\/wp-json\/wp\/v2\/posts"}],"about":[{"href":"https:\/\/alcierrenoticias.com\/index.php\/wp-json\/wp\/v2\/types\/post"}],"author":[{"embeddable":true,"href":"https:\/\/alcierrenoticias.com\/index.php\/wp-json\/wp\/v2\/users\/2"}],"replies":[{"embeddable":true,"href":"https:\/\/alcierrenoticias.com\/index.php\/wp-json\/wp\/v2\/comments?post=19095"}],"version-history":[{"count":2,"href":"https:\/\/alcierrenoticias.com\/index.php\/wp-json\/wp\/v2\/posts\/19095\/revisions"}],"predecessor-version":[{"id":19098,"href":"https:\/\/alcierrenoticias.com\/index.php\/wp-json\/wp\/v2\/posts\/19095\/revisions\/19098"}],"wp:featuredmedia":[{"embeddable":true,"href":"https:\/\/alcierrenoticias.com\/index.php\/wp-json\/wp\/v2\/media\/19096"}],"wp:attachment":[{"href":"https:\/\/alcierrenoticias.com\/index.php\/wp-json\/wp\/v2\/media?parent=19095"}],"wp:term":[{"taxonomy":"category","embeddable":true,"href":"https:\/\/alcierrenoticias.com\/index.php\/wp-json\/wp\/v2\/categories?post=19095"},{"taxonomy":"post_tag","embeddable":true,"href":"https:\/\/alcierrenoticias.com\/index.php\/wp-json\/wp\/v2\/tags?post=19095"}],"curies":[{"name":"wp","href":"https:\/\/api.w.org\/{rel}","templated":true}]}}