{"id":19083,"date":"2025-11-25T18:20:45","date_gmt":"2025-11-26T00:20:45","guid":{"rendered":"https:\/\/alcierrenoticias.com\/?p=19083"},"modified":"2025-11-26T00:17:41","modified_gmt":"2025-11-26T06:17:41","slug":"supervisa-jesus-valenciano-avances-en-la-obra-de-la-prolongacion-de-la-avenida-fernando-baeza","status":"publish","type":"post","link":"https:\/\/alcierrenoticias.com\/index.php\/2025\/11\/25\/supervisa-jesus-valenciano-avances-en-la-obra-de-la-prolongacion-de-la-avenida-fernando-baeza\/","title":{"rendered":"Supervisa Jes\u00fas Valenciano avances en la obra de la prolongaci\u00f3n de la avenida Fernando Baeza."},"content":{"rendered":"<p>En un recorrido por la zona Oriente de la ciudad, el presidente municipal Jes\u00fas Valenciano Garc\u00eda constat\u00f3 el importante avance de la prolongaci\u00f3n de la avenida Fernando Baeza, obra estrat\u00e9gica que busca conectar de forma directa a Delicias con la carretera libre hacia la cordillera de Saucillo. Acompa\u00f1ado por regidores y por la s\u00edndica municipal, el alcalde destac\u00f3 que esta intervenci\u00f3n vial permitir\u00e1 mejorar la movilidad y ofrecer nuevas rutas de acceso para miles de habitantes.<\/p>\n<p>Durante el recorrido, Valenciano Garc\u00eda subray\u00f3 que la s\u00edndica y los regidores se mantienen en constante revisi\u00f3n de cada una de las obras municipales, con el objetivo de garantizar que los recursos rindan y que los trabajos se ejecuten con la calidad necesaria. En esta supervisi\u00f3n tambi\u00e9n estuvo presente Alfonso Rodr\u00edguez Porras, director de Obras P\u00fablicas, quien explic\u00f3 los avances en la estructura del puente que cruzar\u00e1 el dren ya en desuso.<\/p>\n<p>El alcalde inform\u00f3 que en los pr\u00f3ximos d\u00edas se iniciar\u00e1 la aplicaci\u00f3n de carpeta asf\u00e1ltica en el tramo donde ya se concluy\u00f3 la impregnaci\u00f3n, lo que permitir\u00e1 acelerar el ritmo de construcci\u00f3n. La meta de la administraci\u00f3n municipal es que para diciembre quede abierto este nuevo paso que enlazar\u00e1 la prolongaci\u00f3n de Fernando Baeza con la avenida 20, vialidad que tambi\u00e9n ser\u00e1 pavimentada en su totalidad para facilitar el acceso a Laderas del Norte.<\/p>\n<p>Asimismo, destac\u00f3 que esta obra representa una inversi\u00f3n superior a los 20 millones de pesos e incluye la ampliaci\u00f3n completa del colector, as\u00ed como la instalaci\u00f3n de nuevas tomas de agua para garantizar un servicio adecuado a futuro. El alcalde pidi\u00f3 paciencia a la ciudadan\u00eda mientras se desarrollan los trabajos, al tratarse de una obra de gran magnitud que transformar\u00e1 positivamente la movilidad del sector.<\/p>\n<p>Finalmente, el presidente municipal explic\u00f3 que esta conexi\u00f3n vial funcionar\u00e1 como un nuevo desfogue de entrada y salida para Laderas del Norte, adem\u00e1s de beneficiar a quienes transitan desde y hacia la cordillera de Saucillo, al ofrecer una ruta m\u00e1s r\u00e1pida, segura y eficiente. Con esta obra, el Gobierno Municipal contin\u00faa avanzando en infraestructura estrat\u00e9gica que mejora la calidad de vida de los delicienses.<\/p>\n","protected":false},"excerpt":{"rendered":"<p>En un recorrido por la zona Oriente de la ciudad, el presidente municipal Jes\u00fas Valenciano Garc\u00eda constat\u00f3 el importante avance de la prolongaci\u00f3n de la avenida Fernando Baeza, obra estrat\u00e9gica que busca conectar de forma directa a Delicias con la carretera libre hacia la cordillera de Saucillo. Acompa\u00f1ado por regidores y por la s\u00edndica municipal, el alcalde destac\u00f3 que esta intervenci\u00f3n vial permitir\u00e1 mejorar la movilidad y ofrecer nuevas rutas de acceso para miles de habitantes. Durante el recorrido, Valenciano Garc\u00eda subray\u00f3 que la s\u00edndica y los regidores se mantienen en constante revisi\u00f3n de cada una de las obras municipales, con el objetivo de garantizar que los recursos rindan y que los trabajos se ejecuten con la calidad necesaria. En esta supervisi\u00f3n tambi\u00e9n estuvo presente Alfonso Rodr\u00edguez Porras, director de Obras P\u00fablicas, quien explic\u00f3 los avances en la estructura del puente que cruzar\u00e1 el dren ya en desuso. El alcalde inform\u00f3 que en los pr\u00f3ximos d\u00edas se iniciar\u00e1 la aplicaci\u00f3n de carpeta asf\u00e1ltica en el tramo donde ya se concluy\u00f3 la impregnaci\u00f3n, lo que permitir\u00e1 acelerar el ritmo de construcci\u00f3n. La meta de la administraci\u00f3n municipal es que para diciembre quede abierto este nuevo paso que enlazar\u00e1 la prolongaci\u00f3n de Fernando Baeza con la avenida 20, vialidad que tambi\u00e9n ser\u00e1 pavimentada en su totalidad para facilitar el acceso a Laderas del Norte. Asimismo, destac\u00f3 que esta obra representa una inversi\u00f3n superior a los 20 millones de pesos e incluye la ampliaci\u00f3n completa del colector, as\u00ed como la instalaci\u00f3n de nuevas tomas de agua para garantizar un servicio adecuado a futuro. El alcalde pidi\u00f3 paciencia a la ciudadan\u00eda mientras se desarrollan los trabajos, al tratarse de una obra de gran magnitud que transformar\u00e1 positivamente la movilidad del sector. Finalmente, el presidente municipal explic\u00f3 que esta conexi\u00f3n vial funcionar\u00e1 como un nuevo desfogue de entrada y salida para Laderas del Norte, adem\u00e1s de beneficiar a quienes transitan desde y hacia la cordillera de Saucillo, al ofrecer una ruta m\u00e1s r\u00e1pida, segura y eficiente. Con esta obra, el Gobierno Municipal contin\u00faa avanzando en infraestructura estrat\u00e9gica que mejora la calidad de vida de los delicienses.<\/p>\n","protected":false},"author":2,"featured_media":19084,"comment_status":"open","ping_status":"open","sticky":false,"template":"","format":"standard","meta":{"_monsterinsights_skip_tracking":false,"_monsterinsights_sitenote_active":false,"_monsterinsights_sitenote_note":"","_monsterinsights_sitenote_category":0,"advanced_seo_description":"","jetpack_seo_html_title":"","jetpack_seo_noindex":false,"_jetpack_memberships_contains_paid_content":false,"footnotes":"","jetpack_publicize_message":"","jetpack_publicize_feature_enabled":true,"jetpack_social_post_already_shared":true,"jetpack_social_options":{"image_generator_settings":{"template":"highway","enabled":false},"version":2}},"categories":[135,7,11],"tags":[],"class_list":["post-19083","post","type-post","status-publish","format-standard","has-post-thumbnail","hentry","category-lo-mas-leido","category-local","category-principal"],"jetpack_publicize_connections":[],"jetpack_sharing_enabled":true,"jetpack_featured_media_url":"https:\/\/i0.wp.com\/alcierrenoticias.com\/wp-content\/uploads\/2025\/11\/WhatsApp-Image-2025-11-25-at-6.12.28-PM.jpeg?fit=1280%2C960&ssl=1","amp_enabled":true,"_links":{"self":[{"href":"https:\/\/alcierrenoticias.com\/index.php\/wp-json\/wp\/v2\/posts\/19083","targetHints":{"allow":["GET"]}}],"collection":[{"href":"https:\/\/alcierrenoticias.com\/index.php\/wp-json\/wp\/v2\/posts"}],"about":[{"href":"https:\/\/alcierrenoticias.com\/index.php\/wp-json\/wp\/v2\/types\/post"}],"author":[{"embeddable":true,"href":"https:\/\/alcierrenoticias.com\/index.php\/wp-json\/wp\/v2\/users\/2"}],"replies":[{"embeddable":true,"href":"https:\/\/alcierrenoticias.com\/index.php\/wp-json\/wp\/v2\/comments?post=19083"}],"version-history":[{"count":1,"href":"https:\/\/alcierrenoticias.com\/index.php\/wp-json\/wp\/v2\/posts\/19083\/revisions"}],"predecessor-version":[{"id":19085,"href":"https:\/\/alcierrenoticias.com\/index.php\/wp-json\/wp\/v2\/posts\/19083\/revisions\/19085"}],"wp:featuredmedia":[{"embeddable":true,"href":"https:\/\/alcierrenoticias.com\/index.php\/wp-json\/wp\/v2\/media\/19084"}],"wp:attachment":[{"href":"https:\/\/alcierrenoticias.com\/index.php\/wp-json\/wp\/v2\/media?parent=19083"}],"wp:term":[{"taxonomy":"category","embeddable":true,"href":"https:\/\/alcierrenoticias.com\/index.php\/wp-json\/wp\/v2\/categories?post=19083"},{"taxonomy":"post_tag","embeddable":true,"href":"https:\/\/alcierrenoticias.com\/index.php\/wp-json\/wp\/v2\/tags?post=19083"}],"curies":[{"name":"wp","href":"https:\/\/api.w.org\/{rel}","templated":true}]}}