{"id":19071,"date":"2025-11-25T17:20:09","date_gmt":"2025-11-25T23:20:09","guid":{"rendered":"https:\/\/alcierrenoticias.com\/?p=19071"},"modified":"2025-11-26T00:06:13","modified_gmt":"2025-11-26T06:06:13","slug":"sesiona-mesa-de-seguridad-y-justicia-ciudadana-en-secundaria-3026-de-meoqui","status":"publish","type":"post","link":"https:\/\/alcierrenoticias.com\/index.php\/2025\/11\/25\/sesiona-mesa-de-seguridad-y-justicia-ciudadana-en-secundaria-3026-de-meoqui\/","title":{"rendered":"Sesiona Mesa de Seguridad y Justicia Ciudadana en Secundaria 3026 de Meoqui"},"content":{"rendered":"<p>Contaron con la participaci\u00f3n del Instituto de An\u00e1lisis de Pol\u00edtica Familiar v\u00eda remota<\/p>\n<p>La alcaldesa de Meoqui Miriam Soto estuvo presente en la Mesa de Seguridad y Justicia Ciudadana, la cual preside Roberto Cisneros, teniendo como sede esta ocasi\u00f3n la Secundaria Estatal 3026, en la cual participaron la Polic\u00eda Municipal, Prevenci\u00f3n del Delito, Seguridad P\u00fablica, Protecci\u00f3n Civil, Bomberos, la Comisi\u00f3n de Derechos Humanos y el Instituto de An\u00e1lisis de Pol\u00edtica Familiar v\u00eda remota, donde se destac\u00f3 el enfoque en la prevenci\u00f3n y la presentaci\u00f3n, por parte del Gobierno Municipal, del Diagn\u00f3stico Familiar de Meoqui, un estudio \u00fanico a nivel estatal que analiza la situaci\u00f3n de las familias en tres dimensiones: tiempo, econom\u00eda y afecto.<\/p>\n<p>\u201cMuy contenta de que esta escuela sea sede de la mesa de seguridad ciudadana, una reuni\u00f3n que cada mes tenemos con ciudadanos para revisar c\u00f3mo se comporta la incidencia en el municipio\u201d, coment\u00f3 la alcaldesa, quien a\u00f1adi\u00f3 que este diagn\u00f3stico lo realizan pocos municipios, pero ayuda a implementar pol\u00edticas p\u00fablicas dirigidas a las necesidades reales de las familias.<\/p>\n<p>Finalmente, la alcaldesa se\u00f1al\u00f3 que a trav\u00e9s del mapa de \u00edndice delictivo se identifican los sectores que requieren mayor atenci\u00f3n, lo que permite dise\u00f1ar estrategias focalizadas para avanzar en la construcci\u00f3n de un entorno m\u00e1s seguro para las familias de Meoqui, subrayando que es de suma importancia realizar alianzas para salvaguardar la integridad de las familias del municipio: \u201cEs sumar alianzas, trabajar en equipo y siempre en pro de las familias\u201d.<\/p>\n","protected":false},"excerpt":{"rendered":"<p>Contaron con la participaci\u00f3n del Instituto de An\u00e1lisis de Pol\u00edtica Familiar v\u00eda remota La alcaldesa de Meoqui Miriam Soto estuvo presente en la Mesa de Seguridad y Justicia Ciudadana, la cual preside Roberto Cisneros, teniendo como sede esta ocasi\u00f3n la Secundaria Estatal 3026, en la cual participaron la Polic\u00eda Municipal, Prevenci\u00f3n del Delito, Seguridad P\u00fablica, Protecci\u00f3n Civil, Bomberos, la Comisi\u00f3n de Derechos Humanos y el Instituto de An\u00e1lisis de Pol\u00edtica Familiar v\u00eda remota, donde se destac\u00f3 el enfoque en la prevenci\u00f3n y la presentaci\u00f3n, por parte del Gobierno Municipal, del Diagn\u00f3stico Familiar de Meoqui, un estudio \u00fanico a nivel estatal que analiza la situaci\u00f3n de las familias en tres dimensiones: tiempo, econom\u00eda y afecto. \u201cMuy contenta de que esta escuela sea sede de la mesa de seguridad ciudadana, una reuni\u00f3n que cada mes tenemos con ciudadanos para revisar c\u00f3mo se comporta la incidencia en el municipio\u201d, coment\u00f3 la alcaldesa, quien a\u00f1adi\u00f3 que este diagn\u00f3stico lo realizan pocos municipios, pero ayuda a implementar pol\u00edticas p\u00fablicas dirigidas a las necesidades reales de las familias. Finalmente, la alcaldesa se\u00f1al\u00f3 que a trav\u00e9s del mapa de \u00edndice delictivo se identifican los sectores que requieren mayor atenci\u00f3n, lo que permite dise\u00f1ar estrategias focalizadas para avanzar en la construcci\u00f3n de un entorno m\u00e1s seguro para las familias de Meoqui, subrayando que es de suma importancia realizar alianzas para salvaguardar la integridad de las familias del municipio: \u201cEs sumar alianzas, trabajar en equipo y siempre en pro de las familias\u201d.<\/p>\n","protected":false},"author":2,"featured_media":19072,"comment_status":"open","ping_status":"open","sticky":false,"template":"","format":"standard","meta":{"_monsterinsights_skip_tracking":false,"_monsterinsights_sitenote_active":false,"_monsterinsights_sitenote_note":"","_monsterinsights_sitenote_category":0,"advanced_seo_description":"","jetpack_seo_html_title":"","jetpack_seo_noindex":false,"_jetpack_memberships_contains_paid_content":false,"footnotes":"","jetpack_publicize_message":"","jetpack_publicize_feature_enabled":true,"jetpack_social_post_already_shared":true,"jetpack_social_options":{"image_generator_settings":{"template":"highway","enabled":false},"version":2}},"categories":[135,7,11],"tags":[],"class_list":["post-19071","post","type-post","status-publish","format-standard","has-post-thumbnail","hentry","category-lo-mas-leido","category-local","category-principal"],"jetpack_publicize_connections":[],"jetpack_sharing_enabled":true,"jetpack_featured_media_url":"https:\/\/i0.wp.com\/alcierrenoticias.com\/wp-content\/uploads\/2025\/11\/WhatsApp-Image-2025-11-25-at-5.14.35-PM.jpeg?fit=1280%2C853&ssl=1","amp_enabled":true,"_links":{"self":[{"href":"https:\/\/alcierrenoticias.com\/index.php\/wp-json\/wp\/v2\/posts\/19071","targetHints":{"allow":["GET"]}}],"collection":[{"href":"https:\/\/alcierrenoticias.com\/index.php\/wp-json\/wp\/v2\/posts"}],"about":[{"href":"https:\/\/alcierrenoticias.com\/index.php\/wp-json\/wp\/v2\/types\/post"}],"author":[{"embeddable":true,"href":"https:\/\/alcierrenoticias.com\/index.php\/wp-json\/wp\/v2\/users\/2"}],"replies":[{"embeddable":true,"href":"https:\/\/alcierrenoticias.com\/index.php\/wp-json\/wp\/v2\/comments?post=19071"}],"version-history":[{"count":2,"href":"https:\/\/alcierrenoticias.com\/index.php\/wp-json\/wp\/v2\/posts\/19071\/revisions"}],"predecessor-version":[{"id":19074,"href":"https:\/\/alcierrenoticias.com\/index.php\/wp-json\/wp\/v2\/posts\/19071\/revisions\/19074"}],"wp:featuredmedia":[{"embeddable":true,"href":"https:\/\/alcierrenoticias.com\/index.php\/wp-json\/wp\/v2\/media\/19072"}],"wp:attachment":[{"href":"https:\/\/alcierrenoticias.com\/index.php\/wp-json\/wp\/v2\/media?parent=19071"}],"wp:term":[{"taxonomy":"category","embeddable":true,"href":"https:\/\/alcierrenoticias.com\/index.php\/wp-json\/wp\/v2\/categories?post=19071"},{"taxonomy":"post_tag","embeddable":true,"href":"https:\/\/alcierrenoticias.com\/index.php\/wp-json\/wp\/v2\/tags?post=19071"}],"curies":[{"name":"wp","href":"https:\/\/api.w.org\/{rel}","templated":true}]}}