{"id":19067,"date":"2025-11-24T20:05:46","date_gmt":"2025-11-25T02:05:46","guid":{"rendered":"https:\/\/alcierrenoticias.com\/?p=19067"},"modified":"2025-11-25T11:37:58","modified_gmt":"2025-11-25T17:37:58","slug":"arranca-este-martes-rehabilitacion-de-carpeta-asfaltica-en-la-plaza-de-la-republica","status":"publish","type":"post","link":"https:\/\/alcierrenoticias.com\/index.php\/2025\/11\/24\/arranca-este-martes-rehabilitacion-de-carpeta-asfaltica-en-la-plaza-de-la-republica\/","title":{"rendered":"Arranca este martes rehabilitaci\u00f3n de carpeta asf\u00e1ltica en la Plaza de la Rep\u00fablica."},"content":{"rendered":"<p>El director de Obras P\u00fablicas, Alfonso Rodr\u00edguez Porras, inform\u00f3 que este martes 25 de noviembre comenzar\u00e1n los trabajos de rehabilitaci\u00f3n de la carpeta asf\u00e1ltica en los laterales de la Plaza de la Rep\u00fablica, como parte del programa de mejoramiento vial que se ejecuta en distintos puntos de la ciudad.<\/p>\n<p>Rodr\u00edguez Porras explic\u00f3 que durante la semana se realizar\u00e1 el fresado, la aplicaci\u00f3n de liga y la colocaci\u00f3n de la nueva carpeta asf\u00e1ltica, con el objetivo de liberar la vialidad antes del fin de semana, tal como se ha hecho en obras recientes para reducir afectaciones al tr\u00e1fico.<\/p>\n<p>El funcionario detall\u00f3 que, siguiendo el m\u00e9todo habitual, las labores comenzar\u00e1n desde muy temprano con el bloqueo temporal de la vialidad, para posteriormente abrirla al finalizar la jornada, permitiendo el uso por parte de los ciudadanos en horarios no laborales.<\/p>\n<p>Adem\u00e1s, inform\u00f3 que este mismo lunes iniciaron tambi\u00e9n los trabajos en la avenida Quinta Oriente, en el tramo que va desde el Teatro de la Ciudad hasta una ferreter\u00eda conocida en la zona. En este punto, dijo, ya se concluy\u00f3 el fresado correspondiente.<\/p>\n<p>Rodr\u00edguez Porras se\u00f1al\u00f3 que se espera avanzar durante la semana con las mismas acciones en ambos frentes, de modo que el fresado y tendido de carpeta queden listos para el fin de semana, cumpliendo as\u00ed con los tiempos programados y mejorando la movilidad para los habitantes.<\/p>\n","protected":false},"excerpt":{"rendered":"<p>El director de Obras P\u00fablicas, Alfonso Rodr\u00edguez Porras, inform\u00f3 que este martes 25 de noviembre comenzar\u00e1n los trabajos de rehabilitaci\u00f3n de la carpeta asf\u00e1ltica en los laterales de la Plaza de la Rep\u00fablica, como parte del programa de mejoramiento vial que se ejecuta en distintos puntos de la ciudad. Rodr\u00edguez Porras explic\u00f3 que durante la semana se realizar\u00e1 el fresado, la aplicaci\u00f3n de liga y la colocaci\u00f3n de la nueva carpeta asf\u00e1ltica, con el objetivo de liberar la vialidad antes del fin de semana, tal como se ha hecho en obras recientes para reducir afectaciones al tr\u00e1fico. El funcionario detall\u00f3 que, siguiendo el m\u00e9todo habitual, las labores comenzar\u00e1n desde muy temprano con el bloqueo temporal de la vialidad, para posteriormente abrirla al finalizar la jornada, permitiendo el uso por parte de los ciudadanos en horarios no laborales. Adem\u00e1s, inform\u00f3 que este mismo lunes iniciaron tambi\u00e9n los trabajos en la avenida Quinta Oriente, en el tramo que va desde el Teatro de la Ciudad hasta una ferreter\u00eda conocida en la zona. En este punto, dijo, ya se concluy\u00f3 el fresado correspondiente. Rodr\u00edguez Porras se\u00f1al\u00f3 que se espera avanzar durante la semana con las mismas acciones en ambos frentes, de modo que el fresado y tendido de carpeta queden listos para el fin de semana, cumpliendo as\u00ed con los tiempos programados y mejorando la movilidad para los habitantes.<\/p>\n","protected":false},"author":2,"featured_media":19068,"comment_status":"open","ping_status":"open","sticky":false,"template":"","format":"standard","meta":{"_monsterinsights_skip_tracking":false,"_monsterinsights_sitenote_active":false,"_monsterinsights_sitenote_note":"","_monsterinsights_sitenote_category":0,"advanced_seo_description":"","jetpack_seo_html_title":"","jetpack_seo_noindex":false,"_jetpack_memberships_contains_paid_content":false,"footnotes":"","jetpack_publicize_message":"","jetpack_publicize_feature_enabled":true,"jetpack_social_post_already_shared":true,"jetpack_social_options":{"image_generator_settings":{"template":"highway","enabled":false},"version":2}},"categories":[135,7,11],"tags":[],"class_list":["post-19067","post","type-post","status-publish","format-standard","has-post-thumbnail","hentry","category-lo-mas-leido","category-local","category-principal"],"jetpack_publicize_connections":[],"jetpack_sharing_enabled":true,"jetpack_featured_media_url":"https:\/\/i0.wp.com\/alcierrenoticias.com\/wp-content\/uploads\/2025\/11\/WhatsApp-Image-2025-11-24-at-7.53.51-PM.jpeg?fit=1280%2C854&ssl=1","amp_enabled":true,"_links":{"self":[{"href":"https:\/\/alcierrenoticias.com\/index.php\/wp-json\/wp\/v2\/posts\/19067","targetHints":{"allow":["GET"]}}],"collection":[{"href":"https:\/\/alcierrenoticias.com\/index.php\/wp-json\/wp\/v2\/posts"}],"about":[{"href":"https:\/\/alcierrenoticias.com\/index.php\/wp-json\/wp\/v2\/types\/post"}],"author":[{"embeddable":true,"href":"https:\/\/alcierrenoticias.com\/index.php\/wp-json\/wp\/v2\/users\/2"}],"replies":[{"embeddable":true,"href":"https:\/\/alcierrenoticias.com\/index.php\/wp-json\/wp\/v2\/comments?post=19067"}],"version-history":[{"count":2,"href":"https:\/\/alcierrenoticias.com\/index.php\/wp-json\/wp\/v2\/posts\/19067\/revisions"}],"predecessor-version":[{"id":19070,"href":"https:\/\/alcierrenoticias.com\/index.php\/wp-json\/wp\/v2\/posts\/19067\/revisions\/19070"}],"wp:featuredmedia":[{"embeddable":true,"href":"https:\/\/alcierrenoticias.com\/index.php\/wp-json\/wp\/v2\/media\/19068"}],"wp:attachment":[{"href":"https:\/\/alcierrenoticias.com\/index.php\/wp-json\/wp\/v2\/media?parent=19067"}],"wp:term":[{"taxonomy":"category","embeddable":true,"href":"https:\/\/alcierrenoticias.com\/index.php\/wp-json\/wp\/v2\/categories?post=19067"},{"taxonomy":"post_tag","embeddable":true,"href":"https:\/\/alcierrenoticias.com\/index.php\/wp-json\/wp\/v2\/tags?post=19067"}],"curies":[{"name":"wp","href":"https:\/\/api.w.org\/{rel}","templated":true}]}}