{"id":19063,"date":"2025-11-24T17:30:17","date_gmt":"2025-11-24T23:30:17","guid":{"rendered":"https:\/\/alcierrenoticias.com\/?p=19063"},"modified":"2025-11-25T11:35:03","modified_gmt":"2025-11-25T17:35:03","slug":"encabeza-jesus-valenciano-feria-educativa-que-impulsa-colaboracion-entre-escuelas-y-sociedad-civil","status":"publish","type":"post","link":"https:\/\/alcierrenoticias.com\/index.php\/2025\/11\/24\/encabeza-jesus-valenciano-feria-educativa-que-impulsa-colaboracion-entre-escuelas-y-sociedad-civil\/","title":{"rendered":"Encabeza Jes\u00fas Valenciano feria educativa que impulsa colaboraci\u00f3n entre escuelas y sociedad civil."},"content":{"rendered":"<p>Con el prop\u00f3sito de impulsar el trabajo conjunto entre instituciones educativas, gobierno y organizaciones civiles, se realiz\u00f3 en el Gimnasio Municipal la Feria de Servicios \u201cEducaci\u00f3n y Sociedad: Caminos Compartidos\u201d, un encuentro que reuni\u00f3 a alrededor de 200 participantes. El evento, organizado por Desarrollo Humano y Bien Com\u00fan, el \u00e1rea de Educaci\u00f3n SEyD y SEECH, as\u00ed como la RED de OSC Delicias, ofreci\u00f3 informaci\u00f3n, recursos y v\u00ednculos para fortalecer la seguridad social y educativo en la regi\u00f3n.<\/p>\n<p>Durante la jornada se impartieron dos conferencias: \u201cPrimeros Auxilios Psicol\u00f3gicos\u201d, a cargo del Lic. Luis Eduardo Terrazas Delgado, y \u201cConectar\u201d, presentada por la Lic. Maribel Bernal Ch\u00e1vez. Ambas ponencias estuvieron dirigidas al sector educativo, aunque el evento estuvo abierto al p\u00fablico en general, con el objetivo de brindar herramientas \u00fatiles para la atenci\u00f3n emocional y el acompa\u00f1amiento de ni\u00f1as, ni\u00f1os y j\u00f3venes.<\/p>\n<p>En su intervenci\u00f3n, el presidente municipal, Jes\u00fas Valenciano Garc\u00eda, destac\u00f3 la importancia de construir puentes entre la comunidad educativa y las instituciones p\u00fablicas. Subray\u00f3 que, tras la pandemia, los retos socioemocionales se han intensificado, por lo que la coordinaci\u00f3n entre sociedad civil, gobierno y educaci\u00f3n es esencial.<\/p>\n<p>Valenciano Garc\u00eda resalt\u00f3 que el municipio ha impulsado acciones como tamizajes, actividades extraescolares y programas de apoyo en zonas vulnerables, as\u00ed como mejoras en infraestructura escolar en colaboraci\u00f3n con madres y padres de familia. Reiter\u00f3 que la Feria permite que docentes y directivos conozcan los servicios disponibles en Delicias, desde atenci\u00f3n m\u00e9dica y apoyos psicol\u00f3gicos hasta programas de intervenci\u00f3n comunitaria para canalizar casos de riesgo, todo con la discreci\u00f3n y sensibilidad que requieren.<\/p>\n<p>Finalmente, el alcalde reiter\u00f3 su disposici\u00f3n para colaborar con instituciones estatales, federales y organismos como FECHAC y FICOSEC para gestionar recursos y atender necesidades prioritarias. Agradeci\u00f3 la presencia de autoridades educativas y asociaciones civiles, reconociendo que el objetivo com\u00fan es garantizar que las ni\u00f1as, ni\u00f1os y j\u00f3venes reciban la atenci\u00f3n, acompa\u00f1amiento y oportunidades necesarias para su desarrollo integral. \u201cLo m\u00e1s valioso son los estudiantes, y trabajaremos juntos para brindarles lo mejor\u201d, expres\u00f3.<\/p>\n","protected":false},"excerpt":{"rendered":"<p>Con el prop\u00f3sito de impulsar el trabajo conjunto entre instituciones educativas, gobierno y organizaciones civiles, se realiz\u00f3 en el Gimnasio Municipal la Feria de Servicios \u201cEducaci\u00f3n y Sociedad: Caminos Compartidos\u201d, un encuentro que reuni\u00f3 a alrededor de 200 participantes. El evento, organizado por Desarrollo Humano y Bien Com\u00fan, el \u00e1rea de Educaci\u00f3n SEyD y SEECH, as\u00ed como la RED de OSC Delicias, ofreci\u00f3 informaci\u00f3n, recursos y v\u00ednculos para fortalecer la seguridad social y educativo en la regi\u00f3n. Durante la jornada se impartieron dos conferencias: \u201cPrimeros Auxilios Psicol\u00f3gicos\u201d, a cargo del Lic. Luis Eduardo Terrazas Delgado, y \u201cConectar\u201d, presentada por la Lic. Maribel Bernal Ch\u00e1vez. Ambas ponencias estuvieron dirigidas al sector educativo, aunque el evento estuvo abierto al p\u00fablico en general, con el objetivo de brindar herramientas \u00fatiles para la atenci\u00f3n emocional y el acompa\u00f1amiento de ni\u00f1as, ni\u00f1os y j\u00f3venes. En su intervenci\u00f3n, el presidente municipal, Jes\u00fas Valenciano Garc\u00eda, destac\u00f3 la importancia de construir puentes entre la comunidad educativa y las instituciones p\u00fablicas. Subray\u00f3 que, tras la pandemia, los retos socioemocionales se han intensificado, por lo que la coordinaci\u00f3n entre sociedad civil, gobierno y educaci\u00f3n es esencial. Valenciano Garc\u00eda resalt\u00f3 que el municipio ha impulsado acciones como tamizajes, actividades extraescolares y programas de apoyo en zonas vulnerables, as\u00ed como mejoras en infraestructura escolar en colaboraci\u00f3n con madres y padres de familia. Reiter\u00f3 que la Feria permite que docentes y directivos conozcan los servicios disponibles en Delicias, desde atenci\u00f3n m\u00e9dica y apoyos psicol\u00f3gicos hasta programas de intervenci\u00f3n comunitaria para canalizar casos de riesgo, todo con la discreci\u00f3n y sensibilidad que requieren. Finalmente, el alcalde reiter\u00f3 su disposici\u00f3n para colaborar con instituciones estatales, federales y organismos como FECHAC y FICOSEC para gestionar recursos y atender necesidades prioritarias. Agradeci\u00f3 la presencia de autoridades educativas y asociaciones civiles, reconociendo que el objetivo com\u00fan es garantizar que las ni\u00f1as, ni\u00f1os y j\u00f3venes reciban la atenci\u00f3n, acompa\u00f1amiento y oportunidades necesarias para su desarrollo integral. \u201cLo m\u00e1s valioso son los estudiantes, y trabajaremos juntos para brindarles lo mejor\u201d, expres\u00f3.<\/p>\n","protected":false},"author":2,"featured_media":19064,"comment_status":"open","ping_status":"open","sticky":false,"template":"","format":"standard","meta":{"_monsterinsights_skip_tracking":false,"_monsterinsights_sitenote_active":false,"_monsterinsights_sitenote_note":"","_monsterinsights_sitenote_category":0,"advanced_seo_description":"","jetpack_seo_html_title":"","jetpack_seo_noindex":false,"_jetpack_memberships_contains_paid_content":false,"footnotes":"","jetpack_publicize_message":"","jetpack_publicize_feature_enabled":true,"jetpack_social_post_already_shared":true,"jetpack_social_options":{"image_generator_settings":{"template":"highway","enabled":false},"version":2}},"categories":[135,7,11],"tags":[],"class_list":["post-19063","post","type-post","status-publish","format-standard","has-post-thumbnail","hentry","category-lo-mas-leido","category-local","category-principal"],"jetpack_publicize_connections":[],"jetpack_sharing_enabled":true,"jetpack_featured_media_url":"https:\/\/i0.wp.com\/alcierrenoticias.com\/wp-content\/uploads\/2025\/11\/WhatsApp-Image-2025-11-24-at-5.01.50-PM.jpeg?fit=1600%2C1066&ssl=1","amp_enabled":true,"_links":{"self":[{"href":"https:\/\/alcierrenoticias.com\/index.php\/wp-json\/wp\/v2\/posts\/19063","targetHints":{"allow":["GET"]}}],"collection":[{"href":"https:\/\/alcierrenoticias.com\/index.php\/wp-json\/wp\/v2\/posts"}],"about":[{"href":"https:\/\/alcierrenoticias.com\/index.php\/wp-json\/wp\/v2\/types\/post"}],"author":[{"embeddable":true,"href":"https:\/\/alcierrenoticias.com\/index.php\/wp-json\/wp\/v2\/users\/2"}],"replies":[{"embeddable":true,"href":"https:\/\/alcierrenoticias.com\/index.php\/wp-json\/wp\/v2\/comments?post=19063"}],"version-history":[{"count":2,"href":"https:\/\/alcierrenoticias.com\/index.php\/wp-json\/wp\/v2\/posts\/19063\/revisions"}],"predecessor-version":[{"id":19066,"href":"https:\/\/alcierrenoticias.com\/index.php\/wp-json\/wp\/v2\/posts\/19063\/revisions\/19066"}],"wp:featuredmedia":[{"embeddable":true,"href":"https:\/\/alcierrenoticias.com\/index.php\/wp-json\/wp\/v2\/media\/19064"}],"wp:attachment":[{"href":"https:\/\/alcierrenoticias.com\/index.php\/wp-json\/wp\/v2\/media?parent=19063"}],"wp:term":[{"taxonomy":"category","embeddable":true,"href":"https:\/\/alcierrenoticias.com\/index.php\/wp-json\/wp\/v2\/categories?post=19063"},{"taxonomy":"post_tag","embeddable":true,"href":"https:\/\/alcierrenoticias.com\/index.php\/wp-json\/wp\/v2\/tags?post=19063"}],"curies":[{"name":"wp","href":"https:\/\/api.w.org\/{rel}","templated":true}]}}