{"id":19055,"date":"2025-11-24T07:40:42","date_gmt":"2025-11-24T13:40:42","guid":{"rendered":"https:\/\/alcierrenoticias.com\/?p=19055"},"modified":"2025-11-25T11:27:44","modified_gmt":"2025-11-25T17:27:44","slug":"reprograman-llegada-del-dr-vagon-a-delicias-por-ajustes-logisticos","status":"publish","type":"post","link":"https:\/\/alcierrenoticias.com\/index.php\/2025\/11\/24\/reprograman-llegada-del-dr-vagon-a-delicias-por-ajustes-logisticos\/","title":{"rendered":"Reprograman llegada del Dr. Vag\u00f3n a Delicias por ajustes log\u00edsticos."},"content":{"rendered":"<p>Los servicios del Dr. Vag\u00f3n el Tren de la Salud, en la ciudad de Delicias fueron reprogramados debido a ajustes log\u00edsticos, inform\u00f3 la coordinadora de Salud Municipal, Francisca Mercado \u00c1vila. El tren de la salud, operado por Fundaci\u00f3n Grupo M\u00e9xico, no llegar\u00e1 este martes como estaba previsto, y su nueva fecha de arribo ser\u00e1 anunciada pr\u00f3ximamente.<\/p>\n<p>Mercado \u00c1vila se\u00f1al\u00f3 que Fundaci\u00f3n Grupo M\u00e9xico confirm\u00f3 la modificaci\u00f3n a trav\u00e9s de sus canales oficiales, donde precis\u00f3 que cualquier actualizaci\u00f3n referente a la visita del Doctor Vag\u00f3n ser\u00e1 publicada primero en sus redes sociales. La instituci\u00f3n pidi\u00f3 a la poblaci\u00f3n mantenerse atenta a la informaci\u00f3n emitida para evitar confusiones.<\/p>\n<p>Ante este cambio, la Presidencia Municipal de Delicias reiter\u00f3 \u2014a trav\u00e9s de la coordinadora de Salud\u2014 que trabajar\u00e1 en coordinaci\u00f3n con la fundaci\u00f3n para anunciar una nueva fecha que permita garantizar la atenci\u00f3n m\u00e9dica gratuita que el programa ofrece. Destacaron que la prioridad es asegurar que la comunidad reciba el servicio de manera ordenada y eficiente.<\/p>\n<p>Mercado \u00c1vila invit\u00f3 a todas las personas que ten\u00edan programada su visita para este martes a permanecer pendientes de los comunicados oficiales. Se\u00f1al\u00f3 que, una vez acordada la nueva agenda, se dar\u00e1 a conocer de inmediato a trav\u00e9s de medios de comunicaci\u00f3n y plataformas municipales.<\/p>\n<p>Mientras tanto, la funcionaria agradeci\u00f3 la comprensi\u00f3n de la ciudadan\u00eda y reiter\u00f3 el compromiso del municipio por apoyar la llegada del Doctor Vag\u00f3n para que la poblaci\u00f3n pueda acceder a consultas, estudios y servicios especializados en beneficio de su salud.<\/p>\n","protected":false},"excerpt":{"rendered":"<p>Los servicios del Dr. Vag\u00f3n el Tren de la Salud, en la ciudad de Delicias fueron reprogramados debido a ajustes log\u00edsticos, inform\u00f3 la coordinadora de Salud Municipal, Francisca Mercado \u00c1vila. El tren de la salud, operado por Fundaci\u00f3n Grupo M\u00e9xico, no llegar\u00e1 este martes como estaba previsto, y su nueva fecha de arribo ser\u00e1 anunciada pr\u00f3ximamente. Mercado \u00c1vila se\u00f1al\u00f3 que Fundaci\u00f3n Grupo M\u00e9xico confirm\u00f3 la modificaci\u00f3n a trav\u00e9s de sus canales oficiales, donde precis\u00f3 que cualquier actualizaci\u00f3n referente a la visita del Doctor Vag\u00f3n ser\u00e1 publicada primero en sus redes sociales. La instituci\u00f3n pidi\u00f3 a la poblaci\u00f3n mantenerse atenta a la informaci\u00f3n emitida para evitar confusiones. Ante este cambio, la Presidencia Municipal de Delicias reiter\u00f3 \u2014a trav\u00e9s de la coordinadora de Salud\u2014 que trabajar\u00e1 en coordinaci\u00f3n con la fundaci\u00f3n para anunciar una nueva fecha que permita garantizar la atenci\u00f3n m\u00e9dica gratuita que el programa ofrece. Destacaron que la prioridad es asegurar que la comunidad reciba el servicio de manera ordenada y eficiente. Mercado \u00c1vila invit\u00f3 a todas las personas que ten\u00edan programada su visita para este martes a permanecer pendientes de los comunicados oficiales. Se\u00f1al\u00f3 que, una vez acordada la nueva agenda, se dar\u00e1 a conocer de inmediato a trav\u00e9s de medios de comunicaci\u00f3n y plataformas municipales. Mientras tanto, la funcionaria agradeci\u00f3 la comprensi\u00f3n de la ciudadan\u00eda y reiter\u00f3 el compromiso del municipio por apoyar la llegada del Doctor Vag\u00f3n para que la poblaci\u00f3n pueda acceder a consultas, estudios y servicios especializados en beneficio de su salud.<\/p>\n","protected":false},"author":2,"featured_media":19056,"comment_status":"open","ping_status":"open","sticky":false,"template":"","format":"standard","meta":{"_monsterinsights_skip_tracking":false,"_monsterinsights_sitenote_active":false,"_monsterinsights_sitenote_note":"","_monsterinsights_sitenote_category":0,"advanced_seo_description":"","jetpack_seo_html_title":"","jetpack_seo_noindex":false,"_jetpack_memberships_contains_paid_content":false,"footnotes":"","jetpack_publicize_message":"","jetpack_publicize_feature_enabled":true,"jetpack_social_post_already_shared":true,"jetpack_social_options":{"image_generator_settings":{"template":"highway","enabled":false},"version":2}},"categories":[135,7,11],"tags":[],"class_list":["post-19055","post","type-post","status-publish","format-standard","has-post-thumbnail","hentry","category-lo-mas-leido","category-local","category-principal"],"jetpack_publicize_connections":[],"jetpack_sharing_enabled":true,"jetpack_featured_media_url":"https:\/\/i0.wp.com\/alcierrenoticias.com\/wp-content\/uploads\/2025\/11\/WhatsApp-Image-2025-11-24-at-7.30.02-AM.jpeg?fit=1067%2C701&ssl=1","amp_enabled":true,"_links":{"self":[{"href":"https:\/\/alcierrenoticias.com\/index.php\/wp-json\/wp\/v2\/posts\/19055","targetHints":{"allow":["GET"]}}],"collection":[{"href":"https:\/\/alcierrenoticias.com\/index.php\/wp-json\/wp\/v2\/posts"}],"about":[{"href":"https:\/\/alcierrenoticias.com\/index.php\/wp-json\/wp\/v2\/types\/post"}],"author":[{"embeddable":true,"href":"https:\/\/alcierrenoticias.com\/index.php\/wp-json\/wp\/v2\/users\/2"}],"replies":[{"embeddable":true,"href":"https:\/\/alcierrenoticias.com\/index.php\/wp-json\/wp\/v2\/comments?post=19055"}],"version-history":[{"count":2,"href":"https:\/\/alcierrenoticias.com\/index.php\/wp-json\/wp\/v2\/posts\/19055\/revisions"}],"predecessor-version":[{"id":19058,"href":"https:\/\/alcierrenoticias.com\/index.php\/wp-json\/wp\/v2\/posts\/19055\/revisions\/19058"}],"wp:featuredmedia":[{"embeddable":true,"href":"https:\/\/alcierrenoticias.com\/index.php\/wp-json\/wp\/v2\/media\/19056"}],"wp:attachment":[{"href":"https:\/\/alcierrenoticias.com\/index.php\/wp-json\/wp\/v2\/media?parent=19055"}],"wp:term":[{"taxonomy":"category","embeddable":true,"href":"https:\/\/alcierrenoticias.com\/index.php\/wp-json\/wp\/v2\/categories?post=19055"},{"taxonomy":"post_tag","embeddable":true,"href":"https:\/\/alcierrenoticias.com\/index.php\/wp-json\/wp\/v2\/tags?post=19055"}],"curies":[{"name":"wp","href":"https:\/\/api.w.org\/{rel}","templated":true}]}}