{"id":19047,"date":"2025-11-22T15:16:03","date_gmt":"2025-11-22T21:16:03","guid":{"rendered":"https:\/\/alcierrenoticias.com\/?p=19047"},"modified":"2025-11-25T11:20:28","modified_gmt":"2025-11-25T17:20:28","slug":"mercadito-en-tu-colonia-programa-del-gobierno-municipal-de-camargo-beneficio-a-decenas-de-familias-en-lomas-del-florido","status":"publish","type":"post","link":"https:\/\/alcierrenoticias.com\/index.php\/2025\/11\/22\/mercadito-en-tu-colonia-programa-del-gobierno-municipal-de-camargo-beneficio-a-decenas-de-familias-en-lomas-del-florido\/","title":{"rendered":"\u201cMercadito en tu Colonia\u201d, programa del Gobierno municipal de Camargo, benefici\u00f3 a decenas de familias en Lomas del Florido."},"content":{"rendered":"<p>El Gobierno Municipal de Camargo llev\u00f3 el programa Mercadito en tu Colonia a la colonia Lomas del Florido, donde tambi\u00e9n participaron familias de Jardines de San Marcos y Circuito Tecu\u00e1n Milenio.<\/p>\n<p>En esta jornada se atendi\u00f3 a decenas de familias, brindando un apoyo directo e importante a la econom\u00eda familiar, al permitirles fortalecer su despensa sin costo alguno.<\/p>\n<p>El presidente municipal, Jorge Aldana, resalt\u00f3 que estas iniciativas reflejan el compromiso de seguir impulsando acciones que beneficien a las familias camarguenses. \u201cSiempre es un gusto estar con ustedes, escuchar sus peticiones y compartir un rato agradable. Seguiremos trabajando para llevar este apoyo a m\u00e1s colonias\u201d, destac\u00f3.<\/p>\n<p>El programa continuar\u00e1 recorriendo distintos sectores del municipio, acercando beneficios y reforzando el respaldo a quienes m\u00e1s lo necesitan.<\/p>\n","protected":false},"excerpt":{"rendered":"<p>El Gobierno Municipal de Camargo llev\u00f3 el programa Mercadito en tu Colonia a la colonia Lomas del Florido, donde tambi\u00e9n participaron familias de Jardines de San Marcos y Circuito Tecu\u00e1n Milenio. En esta jornada se atendi\u00f3 a decenas de familias, brindando un apoyo directo e importante a la econom\u00eda familiar, al permitirles fortalecer su despensa sin costo alguno. El presidente municipal, Jorge Aldana, resalt\u00f3 que estas iniciativas reflejan el compromiso de seguir impulsando acciones que beneficien a las familias camarguenses. \u201cSiempre es un gusto estar con ustedes, escuchar sus peticiones y compartir un rato agradable. Seguiremos trabajando para llevar este apoyo a m\u00e1s colonias\u201d, destac\u00f3. El programa continuar\u00e1 recorriendo distintos sectores del municipio, acercando beneficios y reforzando el respaldo a quienes m\u00e1s lo necesitan.<\/p>\n","protected":false},"author":2,"featured_media":19048,"comment_status":"open","ping_status":"open","sticky":false,"template":"","format":"standard","meta":{"_monsterinsights_skip_tracking":false,"_monsterinsights_sitenote_active":false,"_monsterinsights_sitenote_note":"","_monsterinsights_sitenote_category":0,"advanced_seo_description":"","jetpack_seo_html_title":"","jetpack_seo_noindex":false,"_jetpack_memberships_contains_paid_content":false,"footnotes":"","jetpack_publicize_message":"","jetpack_publicize_feature_enabled":true,"jetpack_social_post_already_shared":true,"jetpack_social_options":{"image_generator_settings":{"template":"highway","enabled":false},"version":2}},"categories":[8,135,11],"tags":[],"class_list":["post-19047","post","type-post","status-publish","format-standard","has-post-thumbnail","hentry","category-estado","category-lo-mas-leido","category-principal"],"jetpack_publicize_connections":[],"jetpack_sharing_enabled":true,"jetpack_featured_media_url":"https:\/\/i0.wp.com\/alcierrenoticias.com\/wp-content\/uploads\/2025\/11\/WhatsApp-Image-2025-11-22-at-2.45.19-PM.jpeg?fit=1600%2C1066&ssl=1","amp_enabled":true,"_links":{"self":[{"href":"https:\/\/alcierrenoticias.com\/index.php\/wp-json\/wp\/v2\/posts\/19047","targetHints":{"allow":["GET"]}}],"collection":[{"href":"https:\/\/alcierrenoticias.com\/index.php\/wp-json\/wp\/v2\/posts"}],"about":[{"href":"https:\/\/alcierrenoticias.com\/index.php\/wp-json\/wp\/v2\/types\/post"}],"author":[{"embeddable":true,"href":"https:\/\/alcierrenoticias.com\/index.php\/wp-json\/wp\/v2\/users\/2"}],"replies":[{"embeddable":true,"href":"https:\/\/alcierrenoticias.com\/index.php\/wp-json\/wp\/v2\/comments?post=19047"}],"version-history":[{"count":2,"href":"https:\/\/alcierrenoticias.com\/index.php\/wp-json\/wp\/v2\/posts\/19047\/revisions"}],"predecessor-version":[{"id":19050,"href":"https:\/\/alcierrenoticias.com\/index.php\/wp-json\/wp\/v2\/posts\/19047\/revisions\/19050"}],"wp:featuredmedia":[{"embeddable":true,"href":"https:\/\/alcierrenoticias.com\/index.php\/wp-json\/wp\/v2\/media\/19048"}],"wp:attachment":[{"href":"https:\/\/alcierrenoticias.com\/index.php\/wp-json\/wp\/v2\/media?parent=19047"}],"wp:term":[{"taxonomy":"category","embeddable":true,"href":"https:\/\/alcierrenoticias.com\/index.php\/wp-json\/wp\/v2\/categories?post=19047"},{"taxonomy":"post_tag","embeddable":true,"href":"https:\/\/alcierrenoticias.com\/index.php\/wp-json\/wp\/v2\/tags?post=19047"}],"curies":[{"name":"wp","href":"https:\/\/api.w.org\/{rel}","templated":true}]}}