{"id":19039,"date":"2025-11-22T14:30:59","date_gmt":"2025-11-22T20:30:59","guid":{"rendered":"https:\/\/alcierrenoticias.com\/?p=19039"},"modified":"2025-11-25T11:09:30","modified_gmt":"2025-11-25T17:09:30","slug":"inaugura-miriam-soto-rehabilitacion-de-la-unidad-deportiva-ramon-hernandez-en-lazaro-cardenas","status":"publish","type":"post","link":"https:\/\/alcierrenoticias.com\/index.php\/2025\/11\/22\/inaugura-miriam-soto-rehabilitacion-de-la-unidad-deportiva-ramon-hernandez-en-lazaro-cardenas\/","title":{"rendered":"Inaugura Miriam Soto rehabilitaci\u00f3n de la Unidad Deportiva \u201cRam\u00f3n Hern\u00e1ndez\u201d en L\u00e1zaro C\u00e1rdenas."},"content":{"rendered":"<p>&#8220;Queremos que los espacios p\u00fablicos sean utilizados por ni\u00f1as, ni\u00f1os y j\u00f3venes, y que sean de verdadero beneficio para las familias&#8221;: Miriam Soto<\/p>\n<p>La alcaldesa Miriam Soto encabez\u00f3 la inauguraci\u00f3n de la rehabilitaci\u00f3n de la Unidad Deportiva Ram\u00f3n Hern\u00e1ndez, ubicada en el seccional de L\u00e1zaro C\u00e1rdenas, siendo parte del Presupuesto Participativo, la cual fue nombrada en honor a un destacado habitante del seccional.<\/p>\n<p>\u201cEstamos entregando esta rehabilitaci\u00f3n que incluye gradas, iluminaci\u00f3n, pintura, mejoramiento de porter\u00edas y ajustes en el pasto. Esperamos que se desgaste de tanto uso, porque eso queremos: que los espacios p\u00fablicos sean utilizados por ni\u00f1as, ni\u00f1os y j\u00f3venes, y que sean de verdadero beneficio para las familias\u201d, destac\u00f3 Miriam Soto.<\/p>\n<p>Asimismo, tambi\u00e9n subray\u00f3 el car\u00e1cter simb\u00f3lico de la unidad, que lleva el nombre de un ciudadano destacado: \u201cHoy hacemos la develaci\u00f3n de la placa con el nombre de Ram\u00f3n Hern\u00e1ndez, una persona que siempre trabaj\u00f3 con cercan\u00eda a la gente. Tuve la oportunidad de ser su compa\u00f1era de trabajo y su legado queda reflejado en este espacio.\u201d<\/p>\n<p>Por su parte, Ram\u00f3n Hern\u00e1ndez, padre del homenajeado, agradeci\u00f3 la rehabilitaci\u00f3n y destac\u00f3 la importancia del espacio para la juventud de la comunidad: \u201cGracias a la alcaldesa Miriam Soto por esta rehabilitaci\u00f3n. Esta unidad estar\u00e1 al servicio de los j\u00f3venes y ni\u00f1os de este sector, que ha crecido mucho en los \u00faltimos a\u00f1os. Es la mejor manera de alejarlos de los vicios y acercarlos al deporte. Agradecemos que hoy se revele la placa que llevar\u00e1 el nombre de Ram\u00f3n Hern\u00e1ndez Sol\u00eds.\u201d<\/p>\n<p>Durante su intervenci\u00f3n, el presidente seccional Juan Pedro Trejo reconoci\u00f3 el compromiso del Gobierno Municipal con la comunidad de L\u00e1zaro C\u00e1rdenas:\u201cLa alcaldesa cada poco tiempo entrega una nueva obra en L\u00e1zaro C\u00e1rdenas. Coincidimos en proyectos y siempre nos sorprende por la constancia del trabajo. Agradecemos tambi\u00e9n por acompa\u00f1arnos en el desfile hist\u00f3rico que vivimos recientemente. Esta es una de las obras m\u00e1s bonitas del barrio de Tierra Blanca, y los cardenenses estamos unidos con Meoqui.\u201d<\/p>\n<p>Finalmente, la alcaldesa mencion\u00f3 que la obra se suma a otras entregadas recientemente en el seccional, como la rehabilitaci\u00f3n de otra Unidad Deportiva, mejoras en el acceso principal, trabajos de energ\u00eda el\u00e9ctrica y ampliaciones de vivienda en beneficio de decenas de familias.<\/p>\n","protected":false},"excerpt":{"rendered":"<p>&#8220;Queremos que los espacios p\u00fablicos sean utilizados por ni\u00f1as, ni\u00f1os y j\u00f3venes, y que sean de verdadero beneficio para las familias&#8221;: Miriam Soto La alcaldesa Miriam Soto encabez\u00f3 la inauguraci\u00f3n de la rehabilitaci\u00f3n de la Unidad Deportiva Ram\u00f3n Hern\u00e1ndez, ubicada en el seccional de L\u00e1zaro C\u00e1rdenas, siendo parte del Presupuesto Participativo, la cual fue nombrada en honor a un destacado habitante del seccional. \u201cEstamos entregando esta rehabilitaci\u00f3n que incluye gradas, iluminaci\u00f3n, pintura, mejoramiento de porter\u00edas y ajustes en el pasto. Esperamos que se desgaste de tanto uso, porque eso queremos: que los espacios p\u00fablicos sean utilizados por ni\u00f1as, ni\u00f1os y j\u00f3venes, y que sean de verdadero beneficio para las familias\u201d, destac\u00f3 Miriam Soto. Asimismo, tambi\u00e9n subray\u00f3 el car\u00e1cter simb\u00f3lico de la unidad, que lleva el nombre de un ciudadano destacado: \u201cHoy hacemos la develaci\u00f3n de la placa con el nombre de Ram\u00f3n Hern\u00e1ndez, una persona que siempre trabaj\u00f3 con cercan\u00eda a la gente. Tuve la oportunidad de ser su compa\u00f1era de trabajo y su legado queda reflejado en este espacio.\u201d Por su parte, Ram\u00f3n Hern\u00e1ndez, padre del homenajeado, agradeci\u00f3 la rehabilitaci\u00f3n y destac\u00f3 la importancia del espacio para la juventud de la comunidad: \u201cGracias a la alcaldesa Miriam Soto por esta rehabilitaci\u00f3n. Esta unidad estar\u00e1 al servicio de los j\u00f3venes y ni\u00f1os de este sector, que ha crecido mucho en los \u00faltimos a\u00f1os. Es la mejor manera de alejarlos de los vicios y acercarlos al deporte. Agradecemos que hoy se revele la placa que llevar\u00e1 el nombre de Ram\u00f3n Hern\u00e1ndez Sol\u00eds.\u201d Durante su intervenci\u00f3n, el presidente seccional Juan Pedro Trejo reconoci\u00f3 el compromiso del Gobierno Municipal con la comunidad de L\u00e1zaro C\u00e1rdenas:\u201cLa alcaldesa cada poco tiempo entrega una nueva obra en L\u00e1zaro C\u00e1rdenas. Coincidimos en proyectos y siempre nos sorprende por la constancia del trabajo. Agradecemos tambi\u00e9n por acompa\u00f1arnos en el desfile hist\u00f3rico que vivimos recientemente. Esta es una de las obras m\u00e1s bonitas del barrio de Tierra Blanca, y los cardenenses estamos unidos con Meoqui.\u201d Finalmente, la alcaldesa mencion\u00f3 que la obra se suma a otras entregadas recientemente en el seccional, como la rehabilitaci\u00f3n de otra Unidad Deportiva, mejoras en el acceso principal, trabajos de energ\u00eda el\u00e9ctrica y ampliaciones de vivienda en beneficio de decenas de familias.<\/p>\n","protected":false},"author":2,"featured_media":19040,"comment_status":"open","ping_status":"open","sticky":false,"template":"","format":"standard","meta":{"_monsterinsights_skip_tracking":false,"_monsterinsights_sitenote_active":false,"_monsterinsights_sitenote_note":"","_monsterinsights_sitenote_category":0,"advanced_seo_description":"","jetpack_seo_html_title":"","jetpack_seo_noindex":false,"_jetpack_memberships_contains_paid_content":false,"footnotes":"","jetpack_publicize_message":"","jetpack_publicize_feature_enabled":true,"jetpack_social_post_already_shared":true,"jetpack_social_options":{"image_generator_settings":{"template":"highway","enabled":false},"version":2}},"categories":[135,7,11],"tags":[],"class_list":["post-19039","post","type-post","status-publish","format-standard","has-post-thumbnail","hentry","category-lo-mas-leido","category-local","category-principal"],"jetpack_publicize_connections":[],"jetpack_sharing_enabled":true,"jetpack_featured_media_url":"https:\/\/i0.wp.com\/alcierrenoticias.com\/wp-content\/uploads\/2025\/11\/WhatsApp-Image-2025-11-22-at-2.12.27-PM.jpeg?fit=1293%2C862&ssl=1","amp_enabled":true,"_links":{"self":[{"href":"https:\/\/alcierrenoticias.com\/index.php\/wp-json\/wp\/v2\/posts\/19039","targetHints":{"allow":["GET"]}}],"collection":[{"href":"https:\/\/alcierrenoticias.com\/index.php\/wp-json\/wp\/v2\/posts"}],"about":[{"href":"https:\/\/alcierrenoticias.com\/index.php\/wp-json\/wp\/v2\/types\/post"}],"author":[{"embeddable":true,"href":"https:\/\/alcierrenoticias.com\/index.php\/wp-json\/wp\/v2\/users\/2"}],"replies":[{"embeddable":true,"href":"https:\/\/alcierrenoticias.com\/index.php\/wp-json\/wp\/v2\/comments?post=19039"}],"version-history":[{"count":2,"href":"https:\/\/alcierrenoticias.com\/index.php\/wp-json\/wp\/v2\/posts\/19039\/revisions"}],"predecessor-version":[{"id":19042,"href":"https:\/\/alcierrenoticias.com\/index.php\/wp-json\/wp\/v2\/posts\/19039\/revisions\/19042"}],"wp:featuredmedia":[{"embeddable":true,"href":"https:\/\/alcierrenoticias.com\/index.php\/wp-json\/wp\/v2\/media\/19040"}],"wp:attachment":[{"href":"https:\/\/alcierrenoticias.com\/index.php\/wp-json\/wp\/v2\/media?parent=19039"}],"wp:term":[{"taxonomy":"category","embeddable":true,"href":"https:\/\/alcierrenoticias.com\/index.php\/wp-json\/wp\/v2\/categories?post=19039"},{"taxonomy":"post_tag","embeddable":true,"href":"https:\/\/alcierrenoticias.com\/index.php\/wp-json\/wp\/v2\/tags?post=19039"}],"curies":[{"name":"wp","href":"https:\/\/api.w.org\/{rel}","templated":true}]}}