{"id":19023,"date":"2025-11-20T20:40:30","date_gmt":"2025-11-21T02:40:30","guid":{"rendered":"https:\/\/alcierrenoticias.com\/?p=19023"},"modified":"2025-11-21T13:02:43","modified_gmt":"2025-11-21T19:02:43","slug":"tony-melendez-respalda-a-agricultores-y-exige-que-la-ley-general-de-aguas-escuche-al-campo-de-chihuahua","status":"publish","type":"post","link":"https:\/\/alcierrenoticias.com\/index.php\/2025\/11\/20\/tony-melendez-respalda-a-agricultores-y-exige-que-la-ley-general-de-aguas-escuche-al-campo-de-chihuahua\/","title":{"rendered":"Tony Mel\u00e9ndez respalda a agricultores y exige que la Ley General de Aguas escuche al campo de Chihuahua."},"content":{"rendered":"<p>En el marco del foro ciudadano para la Ley de Aguas, convocado a solicitud de agricultores chihuahuenses y realizado este d\u00eda en el Congreso del Estado, el diputado federal del PRI, Juan Antonio \u201cTony\u201d Mel\u00e9ndez, advirti\u00f3 que la propuesta de Ley General de Aguas presentada por el Gobierno Federal amenaza directamente la producci\u00f3n agr\u00edcola y vulnera principios fundamentales establecidos en la Constituci\u00f3n.<\/p>\n<p>Durante su participaci\u00f3n, Mel\u00e9ndez sostuvo que el proyecto actual no toma en cuenta la realidad h\u00eddrica, clim\u00e1tica y econ\u00f3mica del campo chihuahuense, lo que, dijo, pone en riesgo a quienes dependen del agua para sembrar y producir.<\/p>\n<p>\u201cEl tema que hoy nos convoca no es t\u00e9cnico ni lejano; toca la vida de cada agricultor, cada familia y cada chihuahuense\u201d, expres\u00f3 el legislador, al subrayar que la iniciativa contraviene los art\u00edculos 1\u00b0, 4\u00b0 y 27\u00b0 constitucionales, los cuales protegen la dignidad de las personas, el derecho humano al agua y el uso justo de los recursos de la Naci\u00f3n.<\/p>\n<p>Mel\u00e9ndez enfatiz\u00f3 que una ley redactada sin escuchar al campo \u201crompe la dignidad\u201d de quienes han sostenido la producci\u00f3n agr\u00edcola por generaciones y genera incertidumbre al restringir concesiones sin criterios claros. \u201cCuando falla el agua en el campo, falla en la mesa de cada familia\u201d, afirm\u00f3.<\/p>\n<p>El diputado priista se\u00f1al\u00f3 que la regulaci\u00f3n del agua debe ser justa y equilibrada, respetando la historia productiva de Chihuahua, su vocaci\u00f3n agr\u00edcola y las condiciones reales del trabajo en los distritos de riego. Subray\u00f3 que el uso social del agua es inseparable de la econom\u00eda familiar y del desarrollo del estado, por lo que cualquier cambio legislativo debe partir de la participaci\u00f3n de quienes ser\u00e1n directamente afectados.<\/p>\n<p>En un mensaje dirigido a los legisladores de Morena en Chihuahua, Mel\u00e9ndez llam\u00f3 a no aprobar la ley sin escuchar al sector agr\u00edcola que representan. \u201cNo se trata de partidos; se trata de cumplir los principios constitucionales que nos obligan a garantizar justicia y equidad para quienes dependen del agua para vivir\u201d, apunt\u00f3.<\/p>\n<p>A los agricultores presentes, el diputado les reiter\u00f3 su respaldo: \u201cNo est\u00e1n solos. Defender el agua del campo es defender el agua de Chihuahua. Defender su producci\u00f3n es defender el bienestar de todas las familias\u201d.<\/p>\n<p>Finalmente, reafirm\u00f3 que el objetivo no es rechazar una nueva legislaci\u00f3n, sino construir una Ley General de Aguas que respete al campo, respete a la gente y respete la Constituci\u00f3n.<\/p>\n","protected":false},"excerpt":{"rendered":"<p>En el marco del foro ciudadano para la Ley de Aguas, convocado a solicitud de agricultores chihuahuenses y realizado este d\u00eda en el Congreso del Estado, el diputado federal del PRI, Juan Antonio \u201cTony\u201d Mel\u00e9ndez, advirti\u00f3 que la propuesta de Ley General de Aguas presentada por el Gobierno Federal amenaza directamente la producci\u00f3n agr\u00edcola y vulnera principios fundamentales establecidos en la Constituci\u00f3n. Durante su participaci\u00f3n, Mel\u00e9ndez sostuvo que el proyecto actual no toma en cuenta la realidad h\u00eddrica, clim\u00e1tica y econ\u00f3mica del campo chihuahuense, lo que, dijo, pone en riesgo a quienes dependen del agua para sembrar y producir. \u201cEl tema que hoy nos convoca no es t\u00e9cnico ni lejano; toca la vida de cada agricultor, cada familia y cada chihuahuense\u201d, expres\u00f3 el legislador, al subrayar que la iniciativa contraviene los art\u00edculos 1\u00b0, 4\u00b0 y 27\u00b0 constitucionales, los cuales protegen la dignidad de las personas, el derecho humano al agua y el uso justo de los recursos de la Naci\u00f3n. Mel\u00e9ndez enfatiz\u00f3 que una ley redactada sin escuchar al campo \u201crompe la dignidad\u201d de quienes han sostenido la producci\u00f3n agr\u00edcola por generaciones y genera incertidumbre al restringir concesiones sin criterios claros. \u201cCuando falla el agua en el campo, falla en la mesa de cada familia\u201d, afirm\u00f3. El diputado priista se\u00f1al\u00f3 que la regulaci\u00f3n del agua debe ser justa y equilibrada, respetando la historia productiva de Chihuahua, su vocaci\u00f3n agr\u00edcola y las condiciones reales del trabajo en los distritos de riego. Subray\u00f3 que el uso social del agua es inseparable de la econom\u00eda familiar y del desarrollo del estado, por lo que cualquier cambio legislativo debe partir de la participaci\u00f3n de quienes ser\u00e1n directamente afectados. En un mensaje dirigido a los legisladores de Morena en Chihuahua, Mel\u00e9ndez llam\u00f3 a no aprobar la ley sin escuchar al sector agr\u00edcola que representan. \u201cNo se trata de partidos; se trata de cumplir los principios constitucionales que nos obligan a garantizar justicia y equidad para quienes dependen del agua para vivir\u201d, apunt\u00f3. A los agricultores presentes, el diputado les reiter\u00f3 su respaldo: \u201cNo est\u00e1n solos. Defender el agua del campo es defender el agua de Chihuahua. Defender su producci\u00f3n es defender el bienestar de todas las familias\u201d. Finalmente, reafirm\u00f3 que el objetivo no es rechazar una nueva legislaci\u00f3n, sino construir una Ley General de Aguas que respete al campo, respete a la gente y respete la Constituci\u00f3n.<\/p>\n","protected":false},"author":2,"featured_media":19024,"comment_status":"open","ping_status":"open","sticky":false,"template":"","format":"standard","meta":{"_monsterinsights_skip_tracking":false,"_monsterinsights_sitenote_active":false,"_monsterinsights_sitenote_note":"","_monsterinsights_sitenote_category":0,"advanced_seo_description":"","jetpack_seo_html_title":"","jetpack_seo_noindex":false,"_jetpack_memberships_contains_paid_content":false,"footnotes":"","jetpack_publicize_message":"","jetpack_publicize_feature_enabled":true,"jetpack_social_post_already_shared":true,"jetpack_social_options":{"image_generator_settings":{"template":"highway","enabled":false},"version":2}},"categories":[8,135,11],"tags":[],"class_list":["post-19023","post","type-post","status-publish","format-standard","has-post-thumbnail","hentry","category-estado","category-lo-mas-leido","category-principal"],"jetpack_publicize_connections":[],"jetpack_sharing_enabled":true,"jetpack_featured_media_url":"https:\/\/i0.wp.com\/alcierrenoticias.com\/wp-content\/uploads\/2025\/11\/WhatsApp-Image-2025-11-20-at-8.32.27-PM.jpeg?fit=1600%2C1066&ssl=1","amp_enabled":true,"_links":{"self":[{"href":"https:\/\/alcierrenoticias.com\/index.php\/wp-json\/wp\/v2\/posts\/19023","targetHints":{"allow":["GET"]}}],"collection":[{"href":"https:\/\/alcierrenoticias.com\/index.php\/wp-json\/wp\/v2\/posts"}],"about":[{"href":"https:\/\/alcierrenoticias.com\/index.php\/wp-json\/wp\/v2\/types\/post"}],"author":[{"embeddable":true,"href":"https:\/\/alcierrenoticias.com\/index.php\/wp-json\/wp\/v2\/users\/2"}],"replies":[{"embeddable":true,"href":"https:\/\/alcierrenoticias.com\/index.php\/wp-json\/wp\/v2\/comments?post=19023"}],"version-history":[{"count":2,"href":"https:\/\/alcierrenoticias.com\/index.php\/wp-json\/wp\/v2\/posts\/19023\/revisions"}],"predecessor-version":[{"id":19026,"href":"https:\/\/alcierrenoticias.com\/index.php\/wp-json\/wp\/v2\/posts\/19023\/revisions\/19026"}],"wp:featuredmedia":[{"embeddable":true,"href":"https:\/\/alcierrenoticias.com\/index.php\/wp-json\/wp\/v2\/media\/19024"}],"wp:attachment":[{"href":"https:\/\/alcierrenoticias.com\/index.php\/wp-json\/wp\/v2\/media?parent=19023"}],"wp:term":[{"taxonomy":"category","embeddable":true,"href":"https:\/\/alcierrenoticias.com\/index.php\/wp-json\/wp\/v2\/categories?post=19023"},{"taxonomy":"post_tag","embeddable":true,"href":"https:\/\/alcierrenoticias.com\/index.php\/wp-json\/wp\/v2\/tags?post=19023"}],"curies":[{"name":"wp","href":"https:\/\/api.w.org\/{rel}","templated":true}]}}