{"id":19019,"date":"2025-11-20T18:20:25","date_gmt":"2025-11-21T00:20:25","guid":{"rendered":"https:\/\/alcierrenoticias.com\/?p=19019"},"modified":"2025-11-21T12:53:36","modified_gmt":"2025-11-21T18:53:36","slug":"desfile-del-20-de-noviembre-en-camargo-logra-una-destacada-participacion-ciudadana-y-estudiantil","status":"publish","type":"post","link":"https:\/\/alcierrenoticias.com\/index.php\/2025\/11\/20\/desfile-del-20-de-noviembre-en-camargo-logra-una-destacada-participacion-ciudadana-y-estudiantil\/","title":{"rendered":"Desfile del 20 de Noviembre en Camargo logra una destacada participaci\u00f3n ciudadana y estudiantil."},"content":{"rendered":"<p>A pesar de la incertidumbre generada por la lluvia durante la ma\u00f1ana, el tradicional desfile del 20 de Noviembre se llev\u00f3 a cabo con \u00e9xito en el municipio de Camargo, logrando una destacada participaci\u00f3n ciudadana y estudiantil.<\/p>\n<p>El presidente municipal, Jorge Aldana, inform\u00f3 que, tras evaluar las condiciones clim\u00e1ticas, los directores decidieron continuar con el evento aprovechando que una parte importante del contingente a\u00fan se encontraba reunida en el punto de partida.<br \/>\n\u201cA pesar de la lluvia y los momentos de duda, se decidi\u00f3 seguir adelante y el resultado fue extraordinario. M\u00e1s de 1,500 personas participaron de diferentes maneras, demostrando una vez m\u00e1s el compromiso y la entrega de nuestra comunidad\u201d, destac\u00f3 Aldana.<\/p>\n<p>El desfile se enriqueci\u00f3 con la participaci\u00f3n de universidades, secundarias, preparatorias y algunas primarias, quienes presentaron n\u00fameros de danza, m\u00fasica, carros aleg\u00f3ricos y diversos elementos alusivos a la Revoluci\u00f3n Mexicana, llenando de color y tradici\u00f3n las calles de la ciudad, con un recorrido que dur\u00f3 cerca de 3 horas.<\/p>\n<p>Las familias camarguenses que asistieron al recorrido se mostraron muy satisfechas con el desarrollo del evento, reconociendo el esfuerzo de estudiantes, docentes y autoridades municipales para mantener viva esta importante conmemoraci\u00f3n hist\u00f3rica.<\/p>\n<p>El Gobierno Municipal agradece a todas las instituciones educativas, cuerpos de auxilio, dependencias y familias que hicieron posible este desfile, reafirmando el compromiso de seguir promoviendo las tradiciones que fortalecen la identidad y el orgullo de Camargo.<\/p>\n","protected":false},"excerpt":{"rendered":"<p>A pesar de la incertidumbre generada por la lluvia durante la ma\u00f1ana, el tradicional desfile del 20 de Noviembre se llev\u00f3 a cabo con \u00e9xito en el municipio de Camargo, logrando una destacada participaci\u00f3n ciudadana y estudiantil. El presidente municipal, Jorge Aldana, inform\u00f3 que, tras evaluar las condiciones clim\u00e1ticas, los directores decidieron continuar con el evento aprovechando que una parte importante del contingente a\u00fan se encontraba reunida en el punto de partida. \u201cA pesar de la lluvia y los momentos de duda, se decidi\u00f3 seguir adelante y el resultado fue extraordinario. M\u00e1s de 1,500 personas participaron de diferentes maneras, demostrando una vez m\u00e1s el compromiso y la entrega de nuestra comunidad\u201d, destac\u00f3 Aldana. El desfile se enriqueci\u00f3 con la participaci\u00f3n de universidades, secundarias, preparatorias y algunas primarias, quienes presentaron n\u00fameros de danza, m\u00fasica, carros aleg\u00f3ricos y diversos elementos alusivos a la Revoluci\u00f3n Mexicana, llenando de color y tradici\u00f3n las calles de la ciudad, con un recorrido que dur\u00f3 cerca de 3 horas. Las familias camarguenses que asistieron al recorrido se mostraron muy satisfechas con el desarrollo del evento, reconociendo el esfuerzo de estudiantes, docentes y autoridades municipales para mantener viva esta importante conmemoraci\u00f3n hist\u00f3rica. El Gobierno Municipal agradece a todas las instituciones educativas, cuerpos de auxilio, dependencias y familias que hicieron posible este desfile, reafirmando el compromiso de seguir promoviendo las tradiciones que fortalecen la identidad y el orgullo de Camargo.<\/p>\n","protected":false},"author":2,"featured_media":19020,"comment_status":"open","ping_status":"open","sticky":false,"template":"","format":"standard","meta":{"_monsterinsights_skip_tracking":false,"_monsterinsights_sitenote_active":false,"_monsterinsights_sitenote_note":"","_monsterinsights_sitenote_category":0,"advanced_seo_description":"","jetpack_seo_html_title":"","jetpack_seo_noindex":false,"_jetpack_memberships_contains_paid_content":false,"footnotes":"","jetpack_publicize_message":"","jetpack_publicize_feature_enabled":true,"jetpack_social_post_already_shared":true,"jetpack_social_options":{"image_generator_settings":{"template":"highway","enabled":false},"version":2}},"categories":[8,135,11],"tags":[],"class_list":["post-19019","post","type-post","status-publish","format-standard","has-post-thumbnail","hentry","category-estado","category-lo-mas-leido","category-principal"],"jetpack_publicize_connections":[],"jetpack_sharing_enabled":true,"jetpack_featured_media_url":"https:\/\/i0.wp.com\/alcierrenoticias.com\/wp-content\/uploads\/2025\/11\/WhatsApp-Image-2025-11-20-at-6.10.19-PM.jpeg?fit=1500%2C1000&ssl=1","amp_enabled":true,"_links":{"self":[{"href":"https:\/\/alcierrenoticias.com\/index.php\/wp-json\/wp\/v2\/posts\/19019","targetHints":{"allow":["GET"]}}],"collection":[{"href":"https:\/\/alcierrenoticias.com\/index.php\/wp-json\/wp\/v2\/posts"}],"about":[{"href":"https:\/\/alcierrenoticias.com\/index.php\/wp-json\/wp\/v2\/types\/post"}],"author":[{"embeddable":true,"href":"https:\/\/alcierrenoticias.com\/index.php\/wp-json\/wp\/v2\/users\/2"}],"replies":[{"embeddable":true,"href":"https:\/\/alcierrenoticias.com\/index.php\/wp-json\/wp\/v2\/comments?post=19019"}],"version-history":[{"count":2,"href":"https:\/\/alcierrenoticias.com\/index.php\/wp-json\/wp\/v2\/posts\/19019\/revisions"}],"predecessor-version":[{"id":19022,"href":"https:\/\/alcierrenoticias.com\/index.php\/wp-json\/wp\/v2\/posts\/19019\/revisions\/19022"}],"wp:featuredmedia":[{"embeddable":true,"href":"https:\/\/alcierrenoticias.com\/index.php\/wp-json\/wp\/v2\/media\/19020"}],"wp:attachment":[{"href":"https:\/\/alcierrenoticias.com\/index.php\/wp-json\/wp\/v2\/media?parent=19019"}],"wp:term":[{"taxonomy":"category","embeddable":true,"href":"https:\/\/alcierrenoticias.com\/index.php\/wp-json\/wp\/v2\/categories?post=19019"},{"taxonomy":"post_tag","embeddable":true,"href":"https:\/\/alcierrenoticias.com\/index.php\/wp-json\/wp\/v2\/tags?post=19019"}],"curies":[{"name":"wp","href":"https:\/\/api.w.org\/{rel}","templated":true}]}}