{"id":19011,"date":"2025-11-20T15:16:06","date_gmt":"2025-11-20T21:16:06","guid":{"rendered":"https:\/\/alcierrenoticias.com\/?p=19011"},"modified":"2025-11-21T12:42:09","modified_gmt":"2025-11-21T18:42:09","slug":"disfrutan-de-familias-de-meoqui-desfile-por-115-aniversario-de-la-revolucion-mexicana","status":"publish","type":"post","link":"https:\/\/alcierrenoticias.com\/index.php\/2025\/11\/20\/disfrutan-de-familias-de-meoqui-desfile-por-115-aniversario-de-la-revolucion-mexicana\/","title":{"rendered":"Disfrutan de familias de Meoqui desfile por 115 aniversario de la Revoluci\u00f3n Mexicana."},"content":{"rendered":"<p>Participaron cerca de 40 contingentes, concluyendo con verbena popular en la explanada de la Presidencia Municipal<\/p>\n<p>Con una gran participaci\u00f3n de instituciones educativas, asociaciones civiles, grupos deportivos y corporaciones de seguridad, Meoqui celebr\u00f3 el desfile conmemorativo del 115 Aniversario de la Revoluci\u00f3n Mexicana que reuni\u00f3 a miles de familias a lo largo de su recorrido, contando con cerca de 40 contingentes, lo que extendi\u00f3 el desfile por casi tres horas, concluyendo con una verbena popular en la explanada de la Presidencia Municipal.<\/p>\n<p>\u201cMuy contenta de tener tanta participaci\u00f3n. Fue un desfile muy bonito, muy l\u00facido, se nota c\u00f3mo se prepararon para estar presentes el d\u00eda de hoy. Agradecida por su acompa\u00f1amiento y por celebrar estos momentos tan importantes que forman parte de la historia de nuestro pa\u00eds\u201d, expres\u00f3 la alcaldesa Miriam Soto.<\/p>\n<p>El recorrido dio inici\u00f3 en el Bulevar Eduardo N\u00e1jera, recorriendo las calles Aldama, Allende, concluyendo en el reci\u00e9n renovado Paseo Zaragoza, contando con la participaci\u00f3n de las corporaciones de Seguridad P\u00fablica, Guardia Nacional, Protecci\u00f3n Civil y Bomberos, Cruz Roja, as\u00ed como las Unidades de rescate Heineken, seguido por el Grupo de la 3\u00aa Edad, las Reinas de Meoqui y Misiones culturales.<\/p>\n<p>En cuanto a las instituciones educativas, participaron los Jardines de Ni\u00f1os Cuauht\u00e9moc, Jos\u00e9 Vasconcelos, Mawechi, Club de Leones, Revoluci\u00f3n y la Escuela Ind\u00edgena Ni\u00f1os H\u00e9roes; seguido de las academias Venados y Kung Fu Cobras Shaolin Wu Kwan para posteriormente presenciar el paso de las Primarias Elo\u00edsa Flores, Cuauht\u00e9moc 2220, Pedro Meoqui, Sector Obrero, Benito Ju\u00e1rez, Ant\u00f3n Makarenko, H\u00e9roe de Nacozari, Farabundo Mart\u00ed, Mar\u00eda G. de Ort\u00edz y Fam. Stege.<\/p>\n<p>Posterior a esto, iniciaron los contingentes de las Secundaria 3026 y T\u00e9cnica 39, posteriormente, las academias Vikingos, Tae kwon do M\u00e9xico y Samurai Karate Do dieron una demostraci\u00f3n de sus habilidades, abriendo paso a la Escuela de Futbol Meoqui FC, as\u00ed como al CBTA 147, COBACH 28, UTCam, IESCH, concluyendo con la empresa APTIV.<\/p>\n<p>La celebraci\u00f3n continu\u00f3 con una verbena popular en la explanada de la Presidencia Municipal, donde se instal\u00f3 una feria de productores, emprendedores y un baile abierto al p\u00fablico, con la presentaci\u00f3n de Los Mismos de Chihuahua.<\/p>\n","protected":false},"excerpt":{"rendered":"<p>Participaron cerca de 40 contingentes, concluyendo con verbena popular en la explanada de la Presidencia Municipal Con una gran participaci\u00f3n de instituciones educativas, asociaciones civiles, grupos deportivos y corporaciones de seguridad, Meoqui celebr\u00f3 el desfile conmemorativo del 115 Aniversario de la Revoluci\u00f3n Mexicana que reuni\u00f3 a miles de familias a lo largo de su recorrido, contando con cerca de 40 contingentes, lo que extendi\u00f3 el desfile por casi tres horas, concluyendo con una verbena popular en la explanada de la Presidencia Municipal. \u201cMuy contenta de tener tanta participaci\u00f3n. Fue un desfile muy bonito, muy l\u00facido, se nota c\u00f3mo se prepararon para estar presentes el d\u00eda de hoy. Agradecida por su acompa\u00f1amiento y por celebrar estos momentos tan importantes que forman parte de la historia de nuestro pa\u00eds\u201d, expres\u00f3 la alcaldesa Miriam Soto. El recorrido dio inici\u00f3 en el Bulevar Eduardo N\u00e1jera, recorriendo las calles Aldama, Allende, concluyendo en el reci\u00e9n renovado Paseo Zaragoza, contando con la participaci\u00f3n de las corporaciones de Seguridad P\u00fablica, Guardia Nacional, Protecci\u00f3n Civil y Bomberos, Cruz Roja, as\u00ed como las Unidades de rescate Heineken, seguido por el Grupo de la 3\u00aa Edad, las Reinas de Meoqui y Misiones culturales. En cuanto a las instituciones educativas, participaron los Jardines de Ni\u00f1os Cuauht\u00e9moc, Jos\u00e9 Vasconcelos, Mawechi, Club de Leones, Revoluci\u00f3n y la Escuela Ind\u00edgena Ni\u00f1os H\u00e9roes; seguido de las academias Venados y Kung Fu Cobras Shaolin Wu Kwan para posteriormente presenciar el paso de las Primarias Elo\u00edsa Flores, Cuauht\u00e9moc 2220, Pedro Meoqui, Sector Obrero, Benito Ju\u00e1rez, Ant\u00f3n Makarenko, H\u00e9roe de Nacozari, Farabundo Mart\u00ed, Mar\u00eda G. de Ort\u00edz y Fam. Stege. Posterior a esto, iniciaron los contingentes de las Secundaria 3026 y T\u00e9cnica 39, posteriormente, las academias Vikingos, Tae kwon do M\u00e9xico y Samurai Karate Do dieron una demostraci\u00f3n de sus habilidades, abriendo paso a la Escuela de Futbol Meoqui FC, as\u00ed como al CBTA 147, COBACH 28, UTCam, IESCH, concluyendo con la empresa APTIV. La celebraci\u00f3n continu\u00f3 con una verbena popular en la explanada de la Presidencia Municipal, donde se instal\u00f3 una feria de productores, emprendedores y un baile abierto al p\u00fablico, con la presentaci\u00f3n de Los Mismos de Chihuahua.<\/p>\n","protected":false},"author":2,"featured_media":19012,"comment_status":"open","ping_status":"open","sticky":false,"template":"","format":"standard","meta":{"_monsterinsights_skip_tracking":false,"_monsterinsights_sitenote_active":false,"_monsterinsights_sitenote_note":"","_monsterinsights_sitenote_category":0,"advanced_seo_description":"","jetpack_seo_html_title":"","jetpack_seo_noindex":false,"_jetpack_memberships_contains_paid_content":false,"footnotes":"","jetpack_publicize_message":"","jetpack_publicize_feature_enabled":true,"jetpack_social_post_already_shared":true,"jetpack_social_options":{"image_generator_settings":{"template":"highway","enabled":false},"version":2}},"categories":[135,7,11],"tags":[],"class_list":["post-19011","post","type-post","status-publish","format-standard","has-post-thumbnail","hentry","category-lo-mas-leido","category-local","category-principal"],"jetpack_publicize_connections":[],"jetpack_sharing_enabled":true,"jetpack_featured_media_url":"https:\/\/i0.wp.com\/alcierrenoticias.com\/wp-content\/uploads\/2025\/11\/WhatsApp-Image-2025-11-20-at-3.10.33-PM.jpeg?fit=1280%2C720&ssl=1","amp_enabled":true,"_links":{"self":[{"href":"https:\/\/alcierrenoticias.com\/index.php\/wp-json\/wp\/v2\/posts\/19011","targetHints":{"allow":["GET"]}}],"collection":[{"href":"https:\/\/alcierrenoticias.com\/index.php\/wp-json\/wp\/v2\/posts"}],"about":[{"href":"https:\/\/alcierrenoticias.com\/index.php\/wp-json\/wp\/v2\/types\/post"}],"author":[{"embeddable":true,"href":"https:\/\/alcierrenoticias.com\/index.php\/wp-json\/wp\/v2\/users\/2"}],"replies":[{"embeddable":true,"href":"https:\/\/alcierrenoticias.com\/index.php\/wp-json\/wp\/v2\/comments?post=19011"}],"version-history":[{"count":2,"href":"https:\/\/alcierrenoticias.com\/index.php\/wp-json\/wp\/v2\/posts\/19011\/revisions"}],"predecessor-version":[{"id":19014,"href":"https:\/\/alcierrenoticias.com\/index.php\/wp-json\/wp\/v2\/posts\/19011\/revisions\/19014"}],"wp:featuredmedia":[{"embeddable":true,"href":"https:\/\/alcierrenoticias.com\/index.php\/wp-json\/wp\/v2\/media\/19012"}],"wp:attachment":[{"href":"https:\/\/alcierrenoticias.com\/index.php\/wp-json\/wp\/v2\/media?parent=19011"}],"wp:term":[{"taxonomy":"category","embeddable":true,"href":"https:\/\/alcierrenoticias.com\/index.php\/wp-json\/wp\/v2\/categories?post=19011"},{"taxonomy":"post_tag","embeddable":true,"href":"https:\/\/alcierrenoticias.com\/index.php\/wp-json\/wp\/v2\/tags?post=19011"}],"curies":[{"name":"wp","href":"https:\/\/api.w.org\/{rel}","templated":true}]}}