{"id":19007,"date":"2025-11-20T13:32:13","date_gmt":"2025-11-20T19:32:13","guid":{"rendered":"https:\/\/alcierrenoticias.com\/?p=19007"},"modified":"2025-11-21T12:34:39","modified_gmt":"2025-11-21T18:34:39","slug":"por-mantenimiento-a-pozo-varias-colonias-del-sur-no-tendran-agua-potable","status":"publish","type":"post","link":"https:\/\/alcierrenoticias.com\/index.php\/2025\/11\/20\/por-mantenimiento-a-pozo-varias-colonias-del-sur-no-tendran-agua-potable\/","title":{"rendered":"Por mantenimiento a pozo, varias colonias del sur no tendr\u00e1n agua potable."},"content":{"rendered":"<p>a Junta Municipal de Agua y Saneamiento de Delicias estar\u00e1 realizando mantenimiento al pozo 12, ubicado en la colonia Tierra y Libertad.<\/p>\n<p>Por este motivo, ser\u00e1 necesario suspender la extracci\u00f3n, lo que provocar\u00e1 ausencia de servicio en algunas colonias del sur de la ciudad.<\/p>\n<p>As\u00ed lo dio a conocer Juan Fierro, director t\u00e9cnico de este organismo, advirtiendo que pudiera presentarse tanto ausencia de servicio como baja presi\u00f3n.<\/p>\n<p>Las colonias afectadas son las siguientes: Tierra y Libertad, Benito Ju\u00e1rez, Primero de Mayo, Divisi\u00f3n del Norte, F\u00e1tima, Infonavit Revoluci\u00f3n, Delia y zonas aleda\u00f1as.<\/p>\n<p>El funcionario mencion\u00f3 que esta suspensi\u00f3n iniciar\u00e1 a las 10 de la ma\u00f1ana, estimando que el servicio pudiera quedar restablecido para las dos de la tarde del mismo viernes 21 de noviembre.<\/p>\n<p>Se invita a pobladores de esta demarcaci\u00f3n a tomar precauciones.<\/p>\n","protected":false},"excerpt":{"rendered":"<p>a Junta Municipal de Agua y Saneamiento de Delicias estar\u00e1 realizando mantenimiento al pozo 12, ubicado en la colonia Tierra y Libertad. Por este motivo, ser\u00e1 necesario suspender la extracci\u00f3n, lo que provocar\u00e1 ausencia de servicio en algunas colonias del sur de la ciudad. As\u00ed lo dio a conocer Juan Fierro, director t\u00e9cnico de este organismo, advirtiendo que pudiera presentarse tanto ausencia de servicio como baja presi\u00f3n. Las colonias afectadas son las siguientes: Tierra y Libertad, Benito Ju\u00e1rez, Primero de Mayo, Divisi\u00f3n del Norte, F\u00e1tima, Infonavit Revoluci\u00f3n, Delia y zonas aleda\u00f1as. El funcionario mencion\u00f3 que esta suspensi\u00f3n iniciar\u00e1 a las 10 de la ma\u00f1ana, estimando que el servicio pudiera quedar restablecido para las dos de la tarde del mismo viernes 21 de noviembre. Se invita a pobladores de esta demarcaci\u00f3n a tomar precauciones.<\/p>\n","protected":false},"author":2,"featured_media":19008,"comment_status":"open","ping_status":"open","sticky":false,"template":"","format":"standard","meta":{"_monsterinsights_skip_tracking":false,"_monsterinsights_sitenote_active":false,"_monsterinsights_sitenote_note":"","_monsterinsights_sitenote_category":0,"advanced_seo_description":"","jetpack_seo_html_title":"","jetpack_seo_noindex":false,"_jetpack_memberships_contains_paid_content":false,"footnotes":"","jetpack_publicize_message":"","jetpack_publicize_feature_enabled":true,"jetpack_social_post_already_shared":true,"jetpack_social_options":{"image_generator_settings":{"template":"highway","enabled":false},"version":2}},"categories":[135,7,11],"tags":[],"class_list":["post-19007","post","type-post","status-publish","format-standard","has-post-thumbnail","hentry","category-lo-mas-leido","category-local","category-principal"],"jetpack_publicize_connections":[],"jetpack_sharing_enabled":true,"jetpack_featured_media_url":"https:\/\/i0.wp.com\/alcierrenoticias.com\/wp-content\/uploads\/2025\/11\/WhatsApp-Image-2025-11-20-at-1.25.48-PM-e1763750041897.jpeg?fit=500%2C500&ssl=1","amp_enabled":true,"_links":{"self":[{"href":"https:\/\/alcierrenoticias.com\/index.php\/wp-json\/wp\/v2\/posts\/19007","targetHints":{"allow":["GET"]}}],"collection":[{"href":"https:\/\/alcierrenoticias.com\/index.php\/wp-json\/wp\/v2\/posts"}],"about":[{"href":"https:\/\/alcierrenoticias.com\/index.php\/wp-json\/wp\/v2\/types\/post"}],"author":[{"embeddable":true,"href":"https:\/\/alcierrenoticias.com\/index.php\/wp-json\/wp\/v2\/users\/2"}],"replies":[{"embeddable":true,"href":"https:\/\/alcierrenoticias.com\/index.php\/wp-json\/wp\/v2\/comments?post=19007"}],"version-history":[{"count":2,"href":"https:\/\/alcierrenoticias.com\/index.php\/wp-json\/wp\/v2\/posts\/19007\/revisions"}],"predecessor-version":[{"id":19010,"href":"https:\/\/alcierrenoticias.com\/index.php\/wp-json\/wp\/v2\/posts\/19007\/revisions\/19010"}],"wp:featuredmedia":[{"embeddable":true,"href":"https:\/\/alcierrenoticias.com\/index.php\/wp-json\/wp\/v2\/media\/19008"}],"wp:attachment":[{"href":"https:\/\/alcierrenoticias.com\/index.php\/wp-json\/wp\/v2\/media?parent=19007"}],"wp:term":[{"taxonomy":"category","embeddable":true,"href":"https:\/\/alcierrenoticias.com\/index.php\/wp-json\/wp\/v2\/categories?post=19007"},{"taxonomy":"post_tag","embeddable":true,"href":"https:\/\/alcierrenoticias.com\/index.php\/wp-json\/wp\/v2\/tags?post=19007"}],"curies":[{"name":"wp","href":"https:\/\/api.w.org\/{rel}","templated":true}]}}