{"id":18999,"date":"2025-11-20T10:50:46","date_gmt":"2025-11-20T16:50:46","guid":{"rendered":"https:\/\/alcierrenoticias.com\/?p=18999"},"modified":"2025-11-21T12:27:17","modified_gmt":"2025-11-21T18:27:17","slug":"en-mitad-de-tiempo-quedo-rehabilitado-el-sub-colector-de-la-cuarta-juan-carlos-velasco","status":"publish","type":"post","link":"https:\/\/alcierrenoticias.com\/index.php\/2025\/11\/20\/en-mitad-de-tiempo-quedo-rehabilitado-el-sub-colector-de-la-cuarta-juan-carlos-velasco\/","title":{"rendered":"En mitad de tiempo qued\u00f3 rehabilitado el sub-colector de la Cuarta: Juan Carlos Velasco."},"content":{"rendered":"<p>Este mi\u00e9rcoles, el titular de la Junta Municipal de Agua y Saneamiento de Delicias realiz\u00f3 la \u00faltima revisi\u00f3n de obra a los trabajos realizados en el sub-colector de la avenida Cuarta poniente, verificando as\u00ed su conclusi\u00f3n.<\/p>\n<p>Juan Carlos Velasco Ponce record\u00f3 que la inversi\u00f3n p\u00fablica realizada por este organismo se debe a varios factores. Uno de ellos es el pago puntual de los usuarios, mientras que el otro obedece al uso eficiente de los recursos.<\/p>\n<p>\u201cTambi\u00e9n quiero recalcar que el apoyo de nuestra gobernadora Maru Campos, as\u00ed como de la Junta Central a trav\u00e9s del ingeniero Mario Mata, ha sido determinante en estos dos \u00faltimos a\u00f1os, lo que nos ha permitido tambi\u00e9n asignar recursos a obras de reposici\u00f3n como la que hoy estamos entregando\u201d, declar\u00f3.<\/p>\n<p>El director ejecutivo de la junta municipal agradeci\u00f3 a los vecinos de esta avenida, as\u00ed como a docentes y padres de familia del jard\u00edn de ni\u00f1os Margarita Maza de Ju\u00e1rez, por su comprensi\u00f3n, colaboraci\u00f3n y tolerancia mostradas durante los 60 d\u00edas de obra.<\/p>\n<p>\u201cY quiero ser claro, y felicitar a todo el equipo ya que fue posible concluir, en solo dos meses, una obra que estaba programada para 120 d\u00edas; esto es algo que debemos resaltar, debido al alto compromiso que tenemos con los delicienses, para maniobrar en las calles, empleando el menor tiempo posible\u201d.<\/p>\n","protected":false},"excerpt":{"rendered":"<p>Este mi\u00e9rcoles, el titular de la Junta Municipal de Agua y Saneamiento de Delicias realiz\u00f3 la \u00faltima revisi\u00f3n de obra a los trabajos realizados en el sub-colector de la avenida Cuarta poniente, verificando as\u00ed su conclusi\u00f3n. Juan Carlos Velasco Ponce record\u00f3 que la inversi\u00f3n p\u00fablica realizada por este organismo se debe a varios factores. Uno de ellos es el pago puntual de los usuarios, mientras que el otro obedece al uso eficiente de los recursos. \u201cTambi\u00e9n quiero recalcar que el apoyo de nuestra gobernadora Maru Campos, as\u00ed como de la Junta Central a trav\u00e9s del ingeniero Mario Mata, ha sido determinante en estos dos \u00faltimos a\u00f1os, lo que nos ha permitido tambi\u00e9n asignar recursos a obras de reposici\u00f3n como la que hoy estamos entregando\u201d, declar\u00f3. El director ejecutivo de la junta municipal agradeci\u00f3 a los vecinos de esta avenida, as\u00ed como a docentes y padres de familia del jard\u00edn de ni\u00f1os Margarita Maza de Ju\u00e1rez, por su comprensi\u00f3n, colaboraci\u00f3n y tolerancia mostradas durante los 60 d\u00edas de obra. \u201cY quiero ser claro, y felicitar a todo el equipo ya que fue posible concluir, en solo dos meses, una obra que estaba programada para 120 d\u00edas; esto es algo que debemos resaltar, debido al alto compromiso que tenemos con los delicienses, para maniobrar en las calles, empleando el menor tiempo posible\u201d.<\/p>\n","protected":false},"author":2,"featured_media":19000,"comment_status":"open","ping_status":"open","sticky":false,"template":"","format":"standard","meta":{"_monsterinsights_skip_tracking":false,"_monsterinsights_sitenote_active":false,"_monsterinsights_sitenote_note":"","_monsterinsights_sitenote_category":0,"advanced_seo_description":"","jetpack_seo_html_title":"","jetpack_seo_noindex":false,"_jetpack_memberships_contains_paid_content":false,"footnotes":"","jetpack_publicize_message":"","jetpack_publicize_feature_enabled":true,"jetpack_social_post_already_shared":true,"jetpack_social_options":{"image_generator_settings":{"template":"highway","enabled":false},"version":2}},"categories":[135,7,11],"tags":[],"class_list":["post-18999","post","type-post","status-publish","format-standard","has-post-thumbnail","hentry","category-lo-mas-leido","category-local","category-principal"],"jetpack_publicize_connections":[],"jetpack_sharing_enabled":true,"jetpack_featured_media_url":"https:\/\/i0.wp.com\/alcierrenoticias.com\/wp-content\/uploads\/2025\/11\/WhatsApp-Image-2025-11-20-at-10.43.50-AM-1.jpeg?fit=1600%2C1200&ssl=1","amp_enabled":true,"_links":{"self":[{"href":"https:\/\/alcierrenoticias.com\/index.php\/wp-json\/wp\/v2\/posts\/18999","targetHints":{"allow":["GET"]}}],"collection":[{"href":"https:\/\/alcierrenoticias.com\/index.php\/wp-json\/wp\/v2\/posts"}],"about":[{"href":"https:\/\/alcierrenoticias.com\/index.php\/wp-json\/wp\/v2\/types\/post"}],"author":[{"embeddable":true,"href":"https:\/\/alcierrenoticias.com\/index.php\/wp-json\/wp\/v2\/users\/2"}],"replies":[{"embeddable":true,"href":"https:\/\/alcierrenoticias.com\/index.php\/wp-json\/wp\/v2\/comments?post=18999"}],"version-history":[{"count":2,"href":"https:\/\/alcierrenoticias.com\/index.php\/wp-json\/wp\/v2\/posts\/18999\/revisions"}],"predecessor-version":[{"id":19002,"href":"https:\/\/alcierrenoticias.com\/index.php\/wp-json\/wp\/v2\/posts\/18999\/revisions\/19002"}],"wp:featuredmedia":[{"embeddable":true,"href":"https:\/\/alcierrenoticias.com\/index.php\/wp-json\/wp\/v2\/media\/19000"}],"wp:attachment":[{"href":"https:\/\/alcierrenoticias.com\/index.php\/wp-json\/wp\/v2\/media?parent=18999"}],"wp:term":[{"taxonomy":"category","embeddable":true,"href":"https:\/\/alcierrenoticias.com\/index.php\/wp-json\/wp\/v2\/categories?post=18999"},{"taxonomy":"post_tag","embeddable":true,"href":"https:\/\/alcierrenoticias.com\/index.php\/wp-json\/wp\/v2\/tags?post=18999"}],"curies":[{"name":"wp","href":"https:\/\/api.w.org\/{rel}","templated":true}]}}