{"id":18963,"date":"2025-11-19T11:10:29","date_gmt":"2025-11-19T17:10:29","guid":{"rendered":"https:\/\/alcierrenoticias.com\/?p=18963"},"modified":"2025-11-19T23:22:38","modified_gmt":"2025-11-20T05:22:38","slug":"anuncia-alcalde-nueva-obra-de-pavimentacion-en-av-quinta-norte-y-plaza-de-la-republica","status":"publish","type":"post","link":"https:\/\/alcierrenoticias.com\/index.php\/2025\/11\/19\/anuncia-alcalde-nueva-obra-de-pavimentacion-en-av-quinta-norte-y-plaza-de-la-republica\/","title":{"rendered":"Anuncia alcalde nueva obra de pavimentaci\u00f3n en av. Quinta Norte y Plaza de la Rep\u00fablica."},"content":{"rendered":"<p>El presidente municipal Jes\u00fas Valenciano Garc\u00eda inform\u00f3 el arranque de una nueva etapa de pavimentaci\u00f3n que abarcar\u00e1 la avenida Quinta Norte y los laterales de la Plaza de la Rep\u00fablica, una obra considerada prioritaria debido al severo desgaste que presenta este corredor vial. El tramo, que conecta desde la ferreter\u00eda m hasta la avenida R\u00edo Conchos, ser\u00e1 intervenido ante el avanzado deterioro que ya impide su rehabilitaci\u00f3n mediante reparaciones superficiales.<\/p>\n<p>Valenciano Garc\u00eda subray\u00f3 que estas vialidad forman parte del coraz\u00f3n de la ciudad y registra un alto flujo vehicular, por lo que atenderla era impostergable. Detall\u00f3 que el proyecto se suma a los trabajos ya concluidos en zonas aleda\u00f1as, como la avenida Agricultura y el \u00e1rea cercana a las v\u00edas del ferrocarril, donde se ha logrado completar la pavimentaci\u00f3n gracias a la coordinaci\u00f3n entre el municipio y el estado.<\/p>\n<p>El alcalde agradeci\u00f3 a la ciudadan\u00eda por el pago puntual del impuesto predial, recurso que permite empatar las inversiones con el Gobierno del Estado. Asimismo, reconoci\u00f3 el respaldo de la gobernadora Maru Campos, afirmando que su apoyo ha sido determinante para continuar ampliando la cobertura de pavimentaci\u00f3n tanto en sectores urbanos como rurales.<\/p>\n<p>Respecto a la Plaza de la Rep\u00fablica, mencion\u00f3 que la zona presentaba da\u00f1os tipo \u201cpiel de cocodrilo\u201d y que su intervenci\u00f3n concluye una \u201cL\u201d pendiente dentro del cuadro viejo de la ciudad, donde gran parte de las calles entre plazas, mercados y puntos de inter\u00e9s ya cuentan con pavimento nuevo. Destac\u00f3 que la ruta que conecta la Plaza Benito Ju\u00e1rez, la Carranza, el Santuario, la avenida del Parque y el Teatro de la Ciudad muestra grandes avances en infraestructura vial.<\/p>\n<p>Finalmente, anunci\u00f3 que los trabajos de fresado y retiro de la carpeta da\u00f1ada iniciar\u00e1n el 24 de noviembre. A\u00f1adi\u00f3 que en los pr\u00f3ximos d\u00edas dar\u00e1 a conocer otro proyecto importante que beneficiar\u00e1 una de las vialidades m\u00e1s transitadas del municipio, reafirmando su compromiso con mejorar la movilidad en Delicias.<\/p>\n","protected":false},"excerpt":{"rendered":"<p>El presidente municipal Jes\u00fas Valenciano Garc\u00eda inform\u00f3 el arranque de una nueva etapa de pavimentaci\u00f3n que abarcar\u00e1 la avenida Quinta Norte y los laterales de la Plaza de la Rep\u00fablica, una obra considerada prioritaria debido al severo desgaste que presenta este corredor vial. El tramo, que conecta desde la ferreter\u00eda m hasta la avenida R\u00edo Conchos, ser\u00e1 intervenido ante el avanzado deterioro que ya impide su rehabilitaci\u00f3n mediante reparaciones superficiales. Valenciano Garc\u00eda subray\u00f3 que estas vialidad forman parte del coraz\u00f3n de la ciudad y registra un alto flujo vehicular, por lo que atenderla era impostergable. Detall\u00f3 que el proyecto se suma a los trabajos ya concluidos en zonas aleda\u00f1as, como la avenida Agricultura y el \u00e1rea cercana a las v\u00edas del ferrocarril, donde se ha logrado completar la pavimentaci\u00f3n gracias a la coordinaci\u00f3n entre el municipio y el estado. El alcalde agradeci\u00f3 a la ciudadan\u00eda por el pago puntual del impuesto predial, recurso que permite empatar las inversiones con el Gobierno del Estado. Asimismo, reconoci\u00f3 el respaldo de la gobernadora Maru Campos, afirmando que su apoyo ha sido determinante para continuar ampliando la cobertura de pavimentaci\u00f3n tanto en sectores urbanos como rurales. Respecto a la Plaza de la Rep\u00fablica, mencion\u00f3 que la zona presentaba da\u00f1os tipo \u201cpiel de cocodrilo\u201d y que su intervenci\u00f3n concluye una \u201cL\u201d pendiente dentro del cuadro viejo de la ciudad, donde gran parte de las calles entre plazas, mercados y puntos de inter\u00e9s ya cuentan con pavimento nuevo. Destac\u00f3 que la ruta que conecta la Plaza Benito Ju\u00e1rez, la Carranza, el Santuario, la avenida del Parque y el Teatro de la Ciudad muestra grandes avances en infraestructura vial. Finalmente, anunci\u00f3 que los trabajos de fresado y retiro de la carpeta da\u00f1ada iniciar\u00e1n el 24 de noviembre. A\u00f1adi\u00f3 que en los pr\u00f3ximos d\u00edas dar\u00e1 a conocer otro proyecto importante que beneficiar\u00e1 una de las vialidades m\u00e1s transitadas del municipio, reafirmando su compromiso con mejorar la movilidad en Delicias.<\/p>\n","protected":false},"author":2,"featured_media":18964,"comment_status":"open","ping_status":"open","sticky":false,"template":"","format":"standard","meta":{"_monsterinsights_skip_tracking":false,"_monsterinsights_sitenote_active":false,"_monsterinsights_sitenote_note":"","_monsterinsights_sitenote_category":0,"advanced_seo_description":"","jetpack_seo_html_title":"","jetpack_seo_noindex":false,"_jetpack_memberships_contains_paid_content":false,"footnotes":"","jetpack_publicize_message":"","jetpack_publicize_feature_enabled":true,"jetpack_social_post_already_shared":true,"jetpack_social_options":{"image_generator_settings":{"template":"highway","enabled":false},"version":2}},"categories":[135,7,11],"tags":[],"class_list":["post-18963","post","type-post","status-publish","format-standard","has-post-thumbnail","hentry","category-lo-mas-leido","category-local","category-principal"],"jetpack_publicize_connections":[],"jetpack_sharing_enabled":true,"jetpack_featured_media_url":"https:\/\/i0.wp.com\/alcierrenoticias.com\/wp-content\/uploads\/2025\/11\/WhatsApp-Image-2025-11-19-at-10.47.50-AM.jpeg?fit=1600%2C1066&ssl=1","amp_enabled":true,"_links":{"self":[{"href":"https:\/\/alcierrenoticias.com\/index.php\/wp-json\/wp\/v2\/posts\/18963","targetHints":{"allow":["GET"]}}],"collection":[{"href":"https:\/\/alcierrenoticias.com\/index.php\/wp-json\/wp\/v2\/posts"}],"about":[{"href":"https:\/\/alcierrenoticias.com\/index.php\/wp-json\/wp\/v2\/types\/post"}],"author":[{"embeddable":true,"href":"https:\/\/alcierrenoticias.com\/index.php\/wp-json\/wp\/v2\/users\/2"}],"replies":[{"embeddable":true,"href":"https:\/\/alcierrenoticias.com\/index.php\/wp-json\/wp\/v2\/comments?post=18963"}],"version-history":[{"count":1,"href":"https:\/\/alcierrenoticias.com\/index.php\/wp-json\/wp\/v2\/posts\/18963\/revisions"}],"predecessor-version":[{"id":18965,"href":"https:\/\/alcierrenoticias.com\/index.php\/wp-json\/wp\/v2\/posts\/18963\/revisions\/18965"}],"wp:featuredmedia":[{"embeddable":true,"href":"https:\/\/alcierrenoticias.com\/index.php\/wp-json\/wp\/v2\/media\/18964"}],"wp:attachment":[{"href":"https:\/\/alcierrenoticias.com\/index.php\/wp-json\/wp\/v2\/media?parent=18963"}],"wp:term":[{"taxonomy":"category","embeddable":true,"href":"https:\/\/alcierrenoticias.com\/index.php\/wp-json\/wp\/v2\/categories?post=18963"},{"taxonomy":"post_tag","embeddable":true,"href":"https:\/\/alcierrenoticias.com\/index.php\/wp-json\/wp\/v2\/tags?post=18963"}],"curies":[{"name":"wp","href":"https:\/\/api.w.org\/{rel}","templated":true}]}}