{"id":18949,"date":"2025-11-18T16:07:12","date_gmt":"2025-11-18T22:07:12","guid":{"rendered":"https:\/\/alcierrenoticias.com\/?p=18949"},"modified":"2025-11-18T22:50:19","modified_gmt":"2025-11-19T04:50:19","slug":"gobierno-municipal-de-camargo-con-apoyo-de-la-gobernadora-maru-campos-entrega-utiles-escolares-en-el-preescolar-david-alfaro-siqueiros-de-la-colonia-cuatro-milpas","status":"publish","type":"post","link":"https:\/\/alcierrenoticias.com\/index.php\/2025\/11\/18\/gobierno-municipal-de-camargo-con-apoyo-de-la-gobernadora-maru-campos-entrega-utiles-escolares-en-el-preescolar-david-alfaro-siqueiros-de-la-colonia-cuatro-milpas\/","title":{"rendered":"Gobierno Municipal de Camargo, con apoyo de la gobernadora Maru Campos, entrega \u00fatiles escolares en el preescolar David Alfaro Siqueiros de la colonia Cuatro Milpas."},"content":{"rendered":"<p>El Gobierno Municipal de Camargo, con el respaldo de la gobernadora Maru Campos, entreg\u00f3 \u00fatiles escolares en el preescolar David Alfaro Siqueiros, ubicado en la colonia Cuatro Milpas. Esta acci\u00f3n forma parte del trabajo conjunto para impulsar la educaci\u00f3n y apoyar a las familias.<\/p>\n<p>El presidente municipal Jorge Aldana destac\u00f3 la importancia de sumar esfuerzos para fortalecer la educaci\u00f3n en Camargo:<br \/>\n\u201cVamos avanzando con el apoyo de la gobernadora Maru Campos. Este tipo de entregas ayudan a que nuestras ni\u00f1as y nuestros ni\u00f1os cuenten con lo necesario para aprender y desarrollarse. Continuaremos gestionando y trabajando en equipo por las familias\u201d, se\u00f1al\u00f3 el presidente Jorge Aldana.<\/p>\n<p>El Gobierno Municipal de Camargo mantiene su compromiso de impulsar acciones que generan un impacto directo y positivo en la educaci\u00f3n local.<\/p>\n","protected":false},"excerpt":{"rendered":"<p>El Gobierno Municipal de Camargo, con el respaldo de la gobernadora Maru Campos, entreg\u00f3 \u00fatiles escolares en el preescolar David Alfaro Siqueiros, ubicado en la colonia Cuatro Milpas. Esta acci\u00f3n forma parte del trabajo conjunto para impulsar la educaci\u00f3n y apoyar a las familias. El presidente municipal Jorge Aldana destac\u00f3 la importancia de sumar esfuerzos para fortalecer la educaci\u00f3n en Camargo: \u201cVamos avanzando con el apoyo de la gobernadora Maru Campos. Este tipo de entregas ayudan a que nuestras ni\u00f1as y nuestros ni\u00f1os cuenten con lo necesario para aprender y desarrollarse. Continuaremos gestionando y trabajando en equipo por las familias\u201d, se\u00f1al\u00f3 el presidente Jorge Aldana. El Gobierno Municipal de Camargo mantiene su compromiso de impulsar acciones que generan un impacto directo y positivo en la educaci\u00f3n local.<\/p>\n","protected":false},"author":2,"featured_media":18950,"comment_status":"open","ping_status":"open","sticky":false,"template":"","format":"standard","meta":{"_monsterinsights_skip_tracking":false,"_monsterinsights_sitenote_active":false,"_monsterinsights_sitenote_note":"","_monsterinsights_sitenote_category":0,"advanced_seo_description":"","jetpack_seo_html_title":"","jetpack_seo_noindex":false,"_jetpack_memberships_contains_paid_content":false,"footnotes":"","jetpack_publicize_message":"","jetpack_publicize_feature_enabled":true,"jetpack_social_post_already_shared":true,"jetpack_social_options":{"image_generator_settings":{"template":"highway","enabled":false},"version":2}},"categories":[135,7,11],"tags":[],"class_list":["post-18949","post","type-post","status-publish","format-standard","has-post-thumbnail","hentry","category-lo-mas-leido","category-local","category-principal"],"jetpack_publicize_connections":[],"jetpack_sharing_enabled":true,"jetpack_featured_media_url":"https:\/\/i0.wp.com\/alcierrenoticias.com\/wp-content\/uploads\/2025\/11\/WhatsApp-Image-2025-11-18-at-3.51.52-PM.jpeg?fit=1500%2C1000&ssl=1","amp_enabled":true,"_links":{"self":[{"href":"https:\/\/alcierrenoticias.com\/index.php\/wp-json\/wp\/v2\/posts\/18949","targetHints":{"allow":["GET"]}}],"collection":[{"href":"https:\/\/alcierrenoticias.com\/index.php\/wp-json\/wp\/v2\/posts"}],"about":[{"href":"https:\/\/alcierrenoticias.com\/index.php\/wp-json\/wp\/v2\/types\/post"}],"author":[{"embeddable":true,"href":"https:\/\/alcierrenoticias.com\/index.php\/wp-json\/wp\/v2\/users\/2"}],"replies":[{"embeddable":true,"href":"https:\/\/alcierrenoticias.com\/index.php\/wp-json\/wp\/v2\/comments?post=18949"}],"version-history":[{"count":2,"href":"https:\/\/alcierrenoticias.com\/index.php\/wp-json\/wp\/v2\/posts\/18949\/revisions"}],"predecessor-version":[{"id":18952,"href":"https:\/\/alcierrenoticias.com\/index.php\/wp-json\/wp\/v2\/posts\/18949\/revisions\/18952"}],"wp:featuredmedia":[{"embeddable":true,"href":"https:\/\/alcierrenoticias.com\/index.php\/wp-json\/wp\/v2\/media\/18950"}],"wp:attachment":[{"href":"https:\/\/alcierrenoticias.com\/index.php\/wp-json\/wp\/v2\/media?parent=18949"}],"wp:term":[{"taxonomy":"category","embeddable":true,"href":"https:\/\/alcierrenoticias.com\/index.php\/wp-json\/wp\/v2\/categories?post=18949"},{"taxonomy":"post_tag","embeddable":true,"href":"https:\/\/alcierrenoticias.com\/index.php\/wp-json\/wp\/v2\/tags?post=18949"}],"curies":[{"name":"wp","href":"https:\/\/api.w.org\/{rel}","templated":true}]}}