{"id":18941,"date":"2025-11-18T15:09:56","date_gmt":"2025-11-18T21:09:56","guid":{"rendered":"https:\/\/alcierrenoticias.com\/?p=18941"},"modified":"2025-11-18T22:41:53","modified_gmt":"2025-11-19T04:41:53","slug":"entregan-miriam-soto-y-gobierno-del-estado-apoyo-a-don-adrian-carpintero-en-la-comunidad-de-la-chavez","status":"publish","type":"post","link":"https:\/\/alcierrenoticias.com\/index.php\/2025\/11\/18\/entregan-miriam-soto-y-gobierno-del-estado-apoyo-a-don-adrian-carpintero-en-la-comunidad-de-la-chavez\/","title":{"rendered":"Entregan Miriam Soto y Gobierno del Estado apoyo a Don Adri\u00e1n, carpintero en la comunidad de La Ch\u00e1vez."},"content":{"rendered":"<p>\u201cPerd\u00ed la vista desde muy joven, estoy muy agradecido con la alcaldesa Miriam Soto y con la gobernadora Maru Campos por este respaldo\u201d: Adri\u00e1n Arenivar<\/p>\n<p>Gracias a las gestiones de la alcaldesa Miriam Soto ante Gobierno del Estado, se realiz\u00f3 la entrega de un apoyo de 15 mil pesos para Don Adri\u00e1n, un carpintero de la comunidad de \u201cLa Ch\u00e1vez\u201d, mismo que perdi\u00f3 la vista desde muy joven debido a la diabetes, todo esto a trav\u00e9s del Fondo de Inclusi\u00f3n productiva y Econom\u00eda Solidaria por medio del Fondo Mixto del Municipio de Meoqui con la Secretar\u00eda de Desarrollo Humano y Bien.<\/p>\n<p>\u201cEs un ejemplo de vida. Siempre nos recibe con una sonrisa, con ese positivismo y esas ganas de trabajar para sacar adelante su sustento. Mi reconocimiento para \u00e9l. Nuestro compromiso es seguir apoyando a los meoquenses y mantenernos cercanos a la ciudadan\u00eda.\u201d Mencion\u00f3 la alcaldesa Miriam Soto, destacando el ejemplo de vida que representa don Adri\u00e1n: \u201c Es una persona que con su experiencia nos impulsa a todos. Desde muy joven perdi\u00f3 la vista y ha tenido dificultades con la diabetes, sin embargo, ha seguido con su oficio de trabajar la madera.\u201d<\/p>\n<p>Por su parte, Adri\u00e1n Arenivar Moreno, agradeci\u00f3 las atenciones que ha recibido por parte del Gobierno Municipal, compartiendo que este recurso le permitir\u00e1 adquirir maquinaria necesaria para continuar su labor como carpintero: \u201cRequer\u00eda este apoyo para adquirir una m\u00e1quina y comprar un compresor y as\u00ed seguir trabajando. Conozco el oficio desde hace 37 a\u00f1os. A pesar de no ver absolutamente nada, sigo haciendo mis trabajos con mi capacidad mental y criterio.\u201d<\/p>\n","protected":false},"excerpt":{"rendered":"<p>\u201cPerd\u00ed la vista desde muy joven, estoy muy agradecido con la alcaldesa Miriam Soto y con la gobernadora Maru Campos por este respaldo\u201d: Adri\u00e1n Arenivar Gracias a las gestiones de la alcaldesa Miriam Soto ante Gobierno del Estado, se realiz\u00f3 la entrega de un apoyo de 15 mil pesos para Don Adri\u00e1n, un carpintero de la comunidad de \u201cLa Ch\u00e1vez\u201d, mismo que perdi\u00f3 la vista desde muy joven debido a la diabetes, todo esto a trav\u00e9s del Fondo de Inclusi\u00f3n productiva y Econom\u00eda Solidaria por medio del Fondo Mixto del Municipio de Meoqui con la Secretar\u00eda de Desarrollo Humano y Bien. \u201cEs un ejemplo de vida. Siempre nos recibe con una sonrisa, con ese positivismo y esas ganas de trabajar para sacar adelante su sustento. Mi reconocimiento para \u00e9l. Nuestro compromiso es seguir apoyando a los meoquenses y mantenernos cercanos a la ciudadan\u00eda.\u201d Mencion\u00f3 la alcaldesa Miriam Soto, destacando el ejemplo de vida que representa don Adri\u00e1n: \u201c Es una persona que con su experiencia nos impulsa a todos. Desde muy joven perdi\u00f3 la vista y ha tenido dificultades con la diabetes, sin embargo, ha seguido con su oficio de trabajar la madera.\u201d Por su parte, Adri\u00e1n Arenivar Moreno, agradeci\u00f3 las atenciones que ha recibido por parte del Gobierno Municipal, compartiendo que este recurso le permitir\u00e1 adquirir maquinaria necesaria para continuar su labor como carpintero: \u201cRequer\u00eda este apoyo para adquirir una m\u00e1quina y comprar un compresor y as\u00ed seguir trabajando. Conozco el oficio desde hace 37 a\u00f1os. A pesar de no ver absolutamente nada, sigo haciendo mis trabajos con mi capacidad mental y criterio.\u201d<\/p>\n","protected":false},"author":2,"featured_media":18942,"comment_status":"open","ping_status":"open","sticky":false,"template":"","format":"standard","meta":{"_monsterinsights_skip_tracking":false,"_monsterinsights_sitenote_active":false,"_monsterinsights_sitenote_note":"","_monsterinsights_sitenote_category":0,"advanced_seo_description":"","jetpack_seo_html_title":"","jetpack_seo_noindex":false,"_jetpack_memberships_contains_paid_content":false,"footnotes":"","jetpack_publicize_message":"","jetpack_publicize_feature_enabled":true,"jetpack_social_post_already_shared":true,"jetpack_social_options":{"image_generator_settings":{"template":"highway","enabled":false},"version":2}},"categories":[135,7,11],"tags":[],"class_list":["post-18941","post","type-post","status-publish","format-standard","has-post-thumbnail","hentry","category-lo-mas-leido","category-local","category-principal"],"jetpack_publicize_connections":[],"jetpack_sharing_enabled":true,"jetpack_featured_media_url":"https:\/\/i0.wp.com\/alcierrenoticias.com\/wp-content\/uploads\/2025\/11\/WhatsApp-Image-2025-11-18-at-2.42.48-PM-1.jpeg?fit=1280%2C853&ssl=1","amp_enabled":true,"_links":{"self":[{"href":"https:\/\/alcierrenoticias.com\/index.php\/wp-json\/wp\/v2\/posts\/18941","targetHints":{"allow":["GET"]}}],"collection":[{"href":"https:\/\/alcierrenoticias.com\/index.php\/wp-json\/wp\/v2\/posts"}],"about":[{"href":"https:\/\/alcierrenoticias.com\/index.php\/wp-json\/wp\/v2\/types\/post"}],"author":[{"embeddable":true,"href":"https:\/\/alcierrenoticias.com\/index.php\/wp-json\/wp\/v2\/users\/2"}],"replies":[{"embeddable":true,"href":"https:\/\/alcierrenoticias.com\/index.php\/wp-json\/wp\/v2\/comments?post=18941"}],"version-history":[{"count":2,"href":"https:\/\/alcierrenoticias.com\/index.php\/wp-json\/wp\/v2\/posts\/18941\/revisions"}],"predecessor-version":[{"id":18944,"href":"https:\/\/alcierrenoticias.com\/index.php\/wp-json\/wp\/v2\/posts\/18941\/revisions\/18944"}],"wp:featuredmedia":[{"embeddable":true,"href":"https:\/\/alcierrenoticias.com\/index.php\/wp-json\/wp\/v2\/media\/18942"}],"wp:attachment":[{"href":"https:\/\/alcierrenoticias.com\/index.php\/wp-json\/wp\/v2\/media?parent=18941"}],"wp:term":[{"taxonomy":"category","embeddable":true,"href":"https:\/\/alcierrenoticias.com\/index.php\/wp-json\/wp\/v2\/categories?post=18941"},{"taxonomy":"post_tag","embeddable":true,"href":"https:\/\/alcierrenoticias.com\/index.php\/wp-json\/wp\/v2\/tags?post=18941"}],"curies":[{"name":"wp","href":"https:\/\/api.w.org\/{rel}","templated":true}]}}