{"id":18903,"date":"2025-11-14T14:40:50","date_gmt":"2025-11-14T20:40:50","guid":{"rendered":"https:\/\/alcierrenoticias.com\/?p=18903"},"modified":"2025-11-14T23:01:05","modified_gmt":"2025-11-15T05:01:05","slug":"promueven-conciencia-sobre-la-diabetes-con-caminata-por-las-calles-de-delicias","status":"publish","type":"post","link":"https:\/\/alcierrenoticias.com\/index.php\/2025\/11\/14\/promueven-conciencia-sobre-la-diabetes-con-caminata-por-las-calles-de-delicias\/","title":{"rendered":"Promueven conciencia sobre la diabetes con caminata por las calles de Delicias."},"content":{"rendered":"<p>La ma\u00f1ana de este 14 de noviembre, autoridades de salud, estudiantes y asociaciones civiles realizaron una caminata de concientizaci\u00f3n por el D\u00eda Mundial de la Lucha contra la Diabetes Mellitus, partiendo de la explanada de la Presidencia Municipal de Delicias. El contingente avanz\u00f3 por las principales calles de la ciudad hasta culminar en el tradicional C\u00edrculo del Reloj P\u00fablico, donde se reiter\u00f3 la importancia de la prevenci\u00f3n y el control oportuno de esta enfermedad cr\u00f3nico-degenerativa.<\/p>\n<p>En el recorrido participaron diversas escuelas, asociaciones locales e instituciones m\u00e9dicas, todas unidas en un mismo mensaje: la necesidad de adoptar h\u00e1bitos saludables y recibir atenci\u00f3n adecuada para evitar complicaciones. El evento fue coordinado por el Comit\u00e9 Municipal de Salud, con el respaldo de autoridades municipales y personal del \u00e1rea m\u00e9dica.<\/p>\n<p>La doctora Francisca Mercado, coordinadora de Salud en Delicias, record\u00f3 que la diabetes mellitus afecta m\u00faltiples \u00f3rganos del cuerpo, desde la cabeza hasta los pies, y puede derivar en complicaciones severas como retinopat\u00eda diab\u00e9tica, insuficiencia renal, neuropat\u00eda perif\u00e9rica, problemas circulatorios e incluso amputaciones. Por ello, insisti\u00f3 en la importancia de seguir un tratamiento adecuado y mantener controles peri\u00f3dicos.<\/p>\n<p>Destac\u00f3 que la actividad f\u00edsica al menos tres veces por semana, junto con una alimentaci\u00f3n indicada por especialistas, son pilares fundamentales para las personas que viven con diabetes. Subray\u00f3 tambi\u00e9n que quienes tienen familiares directos diagnosticados deben realizarse chequeos al menos dos veces al a\u00f1o para detectar la enfermedad de forma temprana y evitar da\u00f1os mayores.<\/p>\n<p>Finalmente, expres\u00f3 que la caminata simboliza un llamado urgente a la comunidad. La diabetes, se\u00f1al\u00f3, es una de las enfermedades que m\u00e1s vidas cobra debido al mal manejo o a la falta de tratamiento. \u201cSi se detecta a tiempo y se lleva el tratamiento indicado, se puede tener una vida sana. Pero es indispensable aprender a cuidarse\u201d, afirm\u00f3, reiterando el compromiso del sector salud para continuar promoviendo la educaci\u00f3n y prevenci\u00f3n en Delicias.<\/p>\n","protected":false},"excerpt":{"rendered":"<p>La ma\u00f1ana de este 14 de noviembre, autoridades de salud, estudiantes y asociaciones civiles realizaron una caminata de concientizaci\u00f3n por el D\u00eda Mundial de la Lucha contra la Diabetes Mellitus, partiendo de la explanada de la Presidencia Municipal de Delicias. El contingente avanz\u00f3 por las principales calles de la ciudad hasta culminar en el tradicional C\u00edrculo del Reloj P\u00fablico, donde se reiter\u00f3 la importancia de la prevenci\u00f3n y el control oportuno de esta enfermedad cr\u00f3nico-degenerativa. En el recorrido participaron diversas escuelas, asociaciones locales e instituciones m\u00e9dicas, todas unidas en un mismo mensaje: la necesidad de adoptar h\u00e1bitos saludables y recibir atenci\u00f3n adecuada para evitar complicaciones. El evento fue coordinado por el Comit\u00e9 Municipal de Salud, con el respaldo de autoridades municipales y personal del \u00e1rea m\u00e9dica. La doctora Francisca Mercado, coordinadora de Salud en Delicias, record\u00f3 que la diabetes mellitus afecta m\u00faltiples \u00f3rganos del cuerpo, desde la cabeza hasta los pies, y puede derivar en complicaciones severas como retinopat\u00eda diab\u00e9tica, insuficiencia renal, neuropat\u00eda perif\u00e9rica, problemas circulatorios e incluso amputaciones. Por ello, insisti\u00f3 en la importancia de seguir un tratamiento adecuado y mantener controles peri\u00f3dicos. Destac\u00f3 que la actividad f\u00edsica al menos tres veces por semana, junto con una alimentaci\u00f3n indicada por especialistas, son pilares fundamentales para las personas que viven con diabetes. Subray\u00f3 tambi\u00e9n que quienes tienen familiares directos diagnosticados deben realizarse chequeos al menos dos veces al a\u00f1o para detectar la enfermedad de forma temprana y evitar da\u00f1os mayores. Finalmente, expres\u00f3 que la caminata simboliza un llamado urgente a la comunidad. La diabetes, se\u00f1al\u00f3, es una de las enfermedades que m\u00e1s vidas cobra debido al mal manejo o a la falta de tratamiento. \u201cSi se detecta a tiempo y se lleva el tratamiento indicado, se puede tener una vida sana. Pero es indispensable aprender a cuidarse\u201d, afirm\u00f3, reiterando el compromiso del sector salud para continuar promoviendo la educaci\u00f3n y prevenci\u00f3n en Delicias.<\/p>\n","protected":false},"author":2,"featured_media":18904,"comment_status":"open","ping_status":"open","sticky":false,"template":"","format":"standard","meta":{"_monsterinsights_skip_tracking":false,"_monsterinsights_sitenote_active":false,"_monsterinsights_sitenote_note":"","_monsterinsights_sitenote_category":0,"advanced_seo_description":"","jetpack_seo_html_title":"","jetpack_seo_noindex":false,"_jetpack_memberships_contains_paid_content":false,"footnotes":"","jetpack_publicize_message":"","jetpack_publicize_feature_enabled":true,"jetpack_social_post_already_shared":true,"jetpack_social_options":{"image_generator_settings":{"template":"highway","enabled":false},"version":2}},"categories":[135,7,11],"tags":[],"class_list":["post-18903","post","type-post","status-publish","format-standard","has-post-thumbnail","hentry","category-lo-mas-leido","category-local","category-principal"],"jetpack_publicize_connections":[],"jetpack_sharing_enabled":true,"jetpack_featured_media_url":"https:\/\/i0.wp.com\/alcierrenoticias.com\/wp-content\/uploads\/2025\/11\/WhatsApp-Image-2025-11-14-at-2.33.02-PM-1.jpeg?fit=1280%2C854&ssl=1","amp_enabled":true,"_links":{"self":[{"href":"https:\/\/alcierrenoticias.com\/index.php\/wp-json\/wp\/v2\/posts\/18903","targetHints":{"allow":["GET"]}}],"collection":[{"href":"https:\/\/alcierrenoticias.com\/index.php\/wp-json\/wp\/v2\/posts"}],"about":[{"href":"https:\/\/alcierrenoticias.com\/index.php\/wp-json\/wp\/v2\/types\/post"}],"author":[{"embeddable":true,"href":"https:\/\/alcierrenoticias.com\/index.php\/wp-json\/wp\/v2\/users\/2"}],"replies":[{"embeddable":true,"href":"https:\/\/alcierrenoticias.com\/index.php\/wp-json\/wp\/v2\/comments?post=18903"}],"version-history":[{"count":2,"href":"https:\/\/alcierrenoticias.com\/index.php\/wp-json\/wp\/v2\/posts\/18903\/revisions"}],"predecessor-version":[{"id":18906,"href":"https:\/\/alcierrenoticias.com\/index.php\/wp-json\/wp\/v2\/posts\/18903\/revisions\/18906"}],"wp:featuredmedia":[{"embeddable":true,"href":"https:\/\/alcierrenoticias.com\/index.php\/wp-json\/wp\/v2\/media\/18904"}],"wp:attachment":[{"href":"https:\/\/alcierrenoticias.com\/index.php\/wp-json\/wp\/v2\/media?parent=18903"}],"wp:term":[{"taxonomy":"category","embeddable":true,"href":"https:\/\/alcierrenoticias.com\/index.php\/wp-json\/wp\/v2\/categories?post=18903"},{"taxonomy":"post_tag","embeddable":true,"href":"https:\/\/alcierrenoticias.com\/index.php\/wp-json\/wp\/v2\/tags?post=18903"}],"curies":[{"name":"wp","href":"https:\/\/api.w.org\/{rel}","templated":true}]}}