{"id":18895,"date":"2025-11-14T14:22:22","date_gmt":"2025-11-14T20:22:22","guid":{"rendered":"https:\/\/alcierrenoticias.com\/?p=18895"},"modified":"2025-11-14T22:54:53","modified_gmt":"2025-11-15T04:54:53","slug":"concientizan-en-meoqui-sobre-importancia-de-prevencion-de-diabetes","status":"publish","type":"post","link":"https:\/\/alcierrenoticias.com\/index.php\/2025\/11\/14\/concientizan-en-meoqui-sobre-importancia-de-prevencion-de-diabetes\/","title":{"rendered":"Concientizan en Meoqui sobre importancia de prevenci\u00f3n de Diabetes."},"content":{"rendered":"<p>En las 5 Casas de Atenci\u00f3n Primaria a la Salud, se brindan servicios gratuitos como detecciones a bajo costo<\/p>\n<p>En el marco del D\u00eda Mundial de la Diabetes, el Gobierno de Meoqui destaca que se cuenta con 5 Casas de Atenci\u00f3n Primaria a la Salud, donde se brindan chequeos y seguimiento para el control de esta enfermedad, adem\u00e1s de realizar detecciones de glucosa e hipertensi\u00f3n a bajo costo.<\/p>\n<p>La m\u00e9dico pasante Joselyn Campos, quien atiende en la Casa de Atenci\u00f3n Primaria a la Salud en la Col. Del Carmen explic\u00f3 que la diabetes se caracteriza por niveles elevados de glucosa en la sangre y que puede identificarse mediante los signos conocidos como las \u201c4P\u201d: poliuria, polidipsia, polifagia y p\u00e9rdida de peso.<\/p>\n<p>\u201cEs importante conmemorar este d\u00eda para promover la prevenci\u00f3n en toda nuestra poblaci\u00f3n, retardar la aparici\u00f3n de la enfermedad y evitar complicaciones como retinopat\u00eda diab\u00e9tica, insuficiencia card\u00edaca, infartos e insuficiencia renal cr\u00f3nica\u201d, indic\u00f3.<\/p>\n<p>Asimismo, destac\u00f3 que estas complicaciones pueden reducir la calidad y esperanza de vida de las personas si no se detectan y atienden a tiempo, por lo que insisti\u00f3 en la importancia de adoptar un estilo de vida saludable; \u201cPodemos prevenir cambiando nuestros h\u00e1bitos: realizar actividad f\u00edsica, ya sea caminar o asistir al gimnasio, y acudir con un m\u00e9dico para una valoraci\u00f3n adecuada\u201d, se\u00f1al\u00f3.<\/p>\n<p>La m\u00e9dico finalmente extendi\u00f3 la invitaci\u00f3n a todas aquellas personas que as\u00ed lo requieran para que puedan recibir orientaci\u00f3n, revisi\u00f3n y seguimiento: \u201cEstamos todos los d\u00edas para ustedes, de forma totalmente gratuita. Acudir a tiempo puede marcar una gran diferencia en la salud a futuro\u201d, a\u00f1adi\u00f3.<\/p>\n","protected":false},"excerpt":{"rendered":"<p>En las 5 Casas de Atenci\u00f3n Primaria a la Salud, se brindan servicios gratuitos como detecciones a bajo costo En el marco del D\u00eda Mundial de la Diabetes, el Gobierno de Meoqui destaca que se cuenta con 5 Casas de Atenci\u00f3n Primaria a la Salud, donde se brindan chequeos y seguimiento para el control de esta enfermedad, adem\u00e1s de realizar detecciones de glucosa e hipertensi\u00f3n a bajo costo. La m\u00e9dico pasante Joselyn Campos, quien atiende en la Casa de Atenci\u00f3n Primaria a la Salud en la Col. Del Carmen explic\u00f3 que la diabetes se caracteriza por niveles elevados de glucosa en la sangre y que puede identificarse mediante los signos conocidos como las \u201c4P\u201d: poliuria, polidipsia, polifagia y p\u00e9rdida de peso. \u201cEs importante conmemorar este d\u00eda para promover la prevenci\u00f3n en toda nuestra poblaci\u00f3n, retardar la aparici\u00f3n de la enfermedad y evitar complicaciones como retinopat\u00eda diab\u00e9tica, insuficiencia card\u00edaca, infartos e insuficiencia renal cr\u00f3nica\u201d, indic\u00f3. Asimismo, destac\u00f3 que estas complicaciones pueden reducir la calidad y esperanza de vida de las personas si no se detectan y atienden a tiempo, por lo que insisti\u00f3 en la importancia de adoptar un estilo de vida saludable; \u201cPodemos prevenir cambiando nuestros h\u00e1bitos: realizar actividad f\u00edsica, ya sea caminar o asistir al gimnasio, y acudir con un m\u00e9dico para una valoraci\u00f3n adecuada\u201d, se\u00f1al\u00f3. La m\u00e9dico finalmente extendi\u00f3 la invitaci\u00f3n a todas aquellas personas que as\u00ed lo requieran para que puedan recibir orientaci\u00f3n, revisi\u00f3n y seguimiento: \u201cEstamos todos los d\u00edas para ustedes, de forma totalmente gratuita. Acudir a tiempo puede marcar una gran diferencia en la salud a futuro\u201d, a\u00f1adi\u00f3.<\/p>\n","protected":false},"author":2,"featured_media":18896,"comment_status":"open","ping_status":"open","sticky":false,"template":"","format":"standard","meta":{"_monsterinsights_skip_tracking":false,"_monsterinsights_sitenote_active":false,"_monsterinsights_sitenote_note":"","_monsterinsights_sitenote_category":0,"advanced_seo_description":"","jetpack_seo_html_title":"","jetpack_seo_noindex":false,"_jetpack_memberships_contains_paid_content":false,"footnotes":"","jetpack_publicize_message":"","jetpack_publicize_feature_enabled":true,"jetpack_social_post_already_shared":true,"jetpack_social_options":{"image_generator_settings":{"template":"highway","enabled":false},"version":2}},"categories":[135,7,11],"tags":[],"class_list":["post-18895","post","type-post","status-publish","format-standard","has-post-thumbnail","hentry","category-lo-mas-leido","category-local","category-principal"],"jetpack_publicize_connections":[],"jetpack_sharing_enabled":true,"jetpack_featured_media_url":"https:\/\/i0.wp.com\/alcierrenoticias.com\/wp-content\/uploads\/2025\/11\/WhatsApp-Image-2025-11-14-at-2.07.17-PM-1.jpeg?fit=1280%2C853&ssl=1","amp_enabled":true,"_links":{"self":[{"href":"https:\/\/alcierrenoticias.com\/index.php\/wp-json\/wp\/v2\/posts\/18895","targetHints":{"allow":["GET"]}}],"collection":[{"href":"https:\/\/alcierrenoticias.com\/index.php\/wp-json\/wp\/v2\/posts"}],"about":[{"href":"https:\/\/alcierrenoticias.com\/index.php\/wp-json\/wp\/v2\/types\/post"}],"author":[{"embeddable":true,"href":"https:\/\/alcierrenoticias.com\/index.php\/wp-json\/wp\/v2\/users\/2"}],"replies":[{"embeddable":true,"href":"https:\/\/alcierrenoticias.com\/index.php\/wp-json\/wp\/v2\/comments?post=18895"}],"version-history":[{"count":2,"href":"https:\/\/alcierrenoticias.com\/index.php\/wp-json\/wp\/v2\/posts\/18895\/revisions"}],"predecessor-version":[{"id":18898,"href":"https:\/\/alcierrenoticias.com\/index.php\/wp-json\/wp\/v2\/posts\/18895\/revisions\/18898"}],"wp:featuredmedia":[{"embeddable":true,"href":"https:\/\/alcierrenoticias.com\/index.php\/wp-json\/wp\/v2\/media\/18896"}],"wp:attachment":[{"href":"https:\/\/alcierrenoticias.com\/index.php\/wp-json\/wp\/v2\/media?parent=18895"}],"wp:term":[{"taxonomy":"category","embeddable":true,"href":"https:\/\/alcierrenoticias.com\/index.php\/wp-json\/wp\/v2\/categories?post=18895"},{"taxonomy":"post_tag","embeddable":true,"href":"https:\/\/alcierrenoticias.com\/index.php\/wp-json\/wp\/v2\/tags?post=18895"}],"curies":[{"name":"wp","href":"https:\/\/api.w.org\/{rel}","templated":true}]}}