{"id":18883,"date":"2025-11-13T19:40:44","date_gmt":"2025-11-14T01:40:44","guid":{"rendered":"https:\/\/alcierrenoticias.com\/?p=18883"},"modified":"2025-11-14T13:23:07","modified_gmt":"2025-11-14T19:23:07","slug":"diputados-del-pri-abren-el-dialogo-sobre-la-ley-de-aguas-y-alzan-la-voz-por-productores","status":"publish","type":"post","link":"https:\/\/alcierrenoticias.com\/index.php\/2025\/11\/13\/diputados-del-pri-abren-el-dialogo-sobre-la-ley-de-aguas-y-alzan-la-voz-por-productores\/","title":{"rendered":"Diputados del PRI abren el di\u00e1logo sobre la Ley de Aguas y alzan la voz por productores."},"content":{"rendered":"<p>Esta tarde, diputados del Grupo Parlamentario del PRI en el Congreso de la Uni\u00f3n encabezaron un nuevo Foro sobre la reforma a la Ley de Aguas Nacionales, un ejercicio que busca escuchar directamente a quienes enfrentan las consecuencias reales de las decisiones legislativas.<\/p>\n<p>Tony Mel\u00e9ndez, diputado federal del PRI, dio la bienvenida al Foro de la Ley de Aguas y destac\u00f3 la importancia de abrir espacios donde la ciudadan\u00eda y los sectores productivos puedan expresar sus preocupaciones y propuestas antes de que cualquier reforma avance. Subray\u00f3 que este di\u00e1logo no s\u00f3lo es necesario, sino urgente frente al impacto que tendr\u00eda la nueva legislaci\u00f3n en el campo y en las comunidades del pa\u00eds.<\/p>\n<p>Durante su mensaje inaugural, Mel\u00e9ndez record\u00f3 que el agua no es un tema t\u00e9cnico ni distante, sino un recurso vital que sostiene al campo, a las ciudades, a las familias y a quienes producen los alimentos que llegan a la mesa de millones de mexicanas y mexicanos.<br \/>\n\u201cNos convoca el agua: el recurso que define el presente y el futuro de nuestras comunidades\u201d, expres\u00f3.<\/p>\n<p>Se\u00f1al\u00f3 que la iniciativa impulsada por el Gobierno Federal y la mayor\u00eda de Morena ha sido planteada sin di\u00e1logo, sin apertura y sin escuchar a quienes viven d\u00eda a d\u00eda los efectos de la escasez o la mala administraci\u00f3n del recurso.<br \/>\n\u201cCuando se habla de agua, no se habla de n\u00fameros ni de discursos: se habla de la vida de quienes dependen del riego, de las comunidades que enfrentan sequ\u00edas hist\u00f3ricas y de un pa\u00eds que ha resentido decisiones tomadas desde el centro y sin escuchar a los estados\u201d, puntualiz\u00f3.<\/p>\n<p>Mel\u00e9ndez reiter\u00f3 que la postura del PRI es firme:<br \/>\n\u201cLas leyes se construyen con la gente, no a espaldas de la gente. Este foro no es una simulaci\u00f3n. Aqu\u00ed estamos para escuchar y para llevar cada inquietud al proceso legislativo.\u201d<\/p>\n<p>El legislador tambi\u00e9n record\u00f3 que estados como Chihuahua han enfrentado a\u00f1os muy dif\u00edciles debido a sequ\u00edas severas, decisiones unilaterales de la Federaci\u00f3n y conflictos derivados de la falta de agua. Por ello \u201ces indispensable que quienes conocen el territorio, los distritos de riego, las presas y las din\u00e1micas productivas sean escuchados antes de avanzar en cualquier reforma\u201d expres\u00f3 .<\/p>\n<p>\u201cEl PRI no permitir\u00e1 que se apruebe una ley que limite derechos, afecte a los productores o pretenda centralizar decisiones que corresponden leg\u00edtimamente a los estados\u201d, enfatiz\u00f3.<\/p>\n<p>El foro cont\u00f3 con la participaci\u00f3n de especialistas en legislaci\u00f3n, miner\u00eda y sector empresarial, quienes presentaron an\u00e1lisis y perspectivas sobre los riesgos y alcances de la reforma. Mel\u00e9ndez agradeci\u00f3 su presencia y destac\u00f3 que estos espacios fortalecen el trabajo legislativo al nutrirse de voces expertas y cercanas a la realidad productiva del pa\u00eds.<\/p>\n<p>\u201cCon los 14 foros realizados a nivel nacional esperamos que la iniciativa sea revisada a fondo. Presentaremos las reservas necesarias para dejar claro ante la comisi\u00f3n que llevar\u00e1 la ley al Pleno que no estamos de acuerdo, y que tampoco lo est\u00e1n quienes conocen el agua desde su uso diario y productivo\u201d, se\u00f1al\u00f3.<\/p>\n<p>Finalmente, el diputado reconoci\u00f3 la participaci\u00f3n de agricultores, productores, organizaciones y ciudadan\u00eda interesada:<br \/>\n\u201cGracias por venir a levantar la voz. La participaci\u00f3n ciudadana sigue siendo la fuerza m\u00e1s grande de este pa\u00eds. Lo que hoy se exprese aqu\u00ed ser\u00e1 llevado al Congreso con responsabilidad y firmeza.\u201d<\/p>\n","protected":false},"excerpt":{"rendered":"<p>Esta tarde, diputados del Grupo Parlamentario del PRI en el Congreso de la Uni\u00f3n encabezaron un nuevo Foro sobre la reforma a la Ley de Aguas Nacionales, un ejercicio que busca escuchar directamente a quienes enfrentan las consecuencias reales de las decisiones legislativas. Tony Mel\u00e9ndez, diputado federal del PRI, dio la bienvenida al Foro de la Ley de Aguas y destac\u00f3 la importancia de abrir espacios donde la ciudadan\u00eda y los sectores productivos puedan expresar sus preocupaciones y propuestas antes de que cualquier reforma avance. Subray\u00f3 que este di\u00e1logo no s\u00f3lo es necesario, sino urgente frente al impacto que tendr\u00eda la nueva legislaci\u00f3n en el campo y en las comunidades del pa\u00eds. Durante su mensaje inaugural, Mel\u00e9ndez record\u00f3 que el agua no es un tema t\u00e9cnico ni distante, sino un recurso vital que sostiene al campo, a las ciudades, a las familias y a quienes producen los alimentos que llegan a la mesa de millones de mexicanas y mexicanos. \u201cNos convoca el agua: el recurso que define el presente y el futuro de nuestras comunidades\u201d, expres\u00f3. Se\u00f1al\u00f3 que la iniciativa impulsada por el Gobierno Federal y la mayor\u00eda de Morena ha sido planteada sin di\u00e1logo, sin apertura y sin escuchar a quienes viven d\u00eda a d\u00eda los efectos de la escasez o la mala administraci\u00f3n del recurso. \u201cCuando se habla de agua, no se habla de n\u00fameros ni de discursos: se habla de la vida de quienes dependen del riego, de las comunidades que enfrentan sequ\u00edas hist\u00f3ricas y de un pa\u00eds que ha resentido decisiones tomadas desde el centro y sin escuchar a los estados\u201d, puntualiz\u00f3. Mel\u00e9ndez reiter\u00f3 que la postura del PRI es firme: \u201cLas leyes se construyen con la gente, no a espaldas de la gente. Este foro no es una simulaci\u00f3n. Aqu\u00ed estamos para escuchar y para llevar cada inquietud al proceso legislativo.\u201d El legislador tambi\u00e9n record\u00f3 que estados como Chihuahua han enfrentado a\u00f1os muy dif\u00edciles debido a sequ\u00edas severas, decisiones unilaterales de la Federaci\u00f3n y conflictos derivados de la falta de agua. Por ello \u201ces indispensable que quienes conocen el territorio, los distritos de riego, las presas y las din\u00e1micas productivas sean escuchados antes de avanzar en cualquier reforma\u201d expres\u00f3 . \u201cEl PRI no permitir\u00e1 que se apruebe una ley que limite derechos, afecte a los productores o pretenda centralizar decisiones que corresponden leg\u00edtimamente a los estados\u201d, enfatiz\u00f3. El foro cont\u00f3 con la participaci\u00f3n de especialistas en legislaci\u00f3n, miner\u00eda y sector empresarial, quienes presentaron an\u00e1lisis y perspectivas sobre los riesgos y alcances de la reforma. Mel\u00e9ndez agradeci\u00f3 su presencia y destac\u00f3 que estos espacios fortalecen el trabajo legislativo al nutrirse de voces expertas y cercanas a la realidad productiva del pa\u00eds. \u201cCon los 14 foros realizados a nivel nacional esperamos que la iniciativa sea revisada a fondo. Presentaremos las reservas necesarias para dejar claro ante la comisi\u00f3n que llevar\u00e1 la ley al Pleno que no estamos de acuerdo, y que tampoco lo est\u00e1n quienes conocen el agua desde su uso diario y productivo\u201d, se\u00f1al\u00f3. Finalmente, el diputado reconoci\u00f3 la participaci\u00f3n de agricultores, productores, organizaciones y ciudadan\u00eda interesada: \u201cGracias por venir a levantar la voz. La participaci\u00f3n ciudadana sigue siendo la fuerza m\u00e1s grande de este pa\u00eds. Lo que hoy se exprese aqu\u00ed ser\u00e1 llevado al Congreso con responsabilidad y firmeza.\u201d<\/p>\n","protected":false},"author":2,"featured_media":18884,"comment_status":"open","ping_status":"open","sticky":false,"template":"","format":"standard","meta":{"_monsterinsights_skip_tracking":false,"_monsterinsights_sitenote_active":false,"_monsterinsights_sitenote_note":"","_monsterinsights_sitenote_category":0,"advanced_seo_description":"","jetpack_seo_html_title":"","jetpack_seo_noindex":false,"_jetpack_memberships_contains_paid_content":false,"footnotes":"","jetpack_publicize_message":"","jetpack_publicize_feature_enabled":true,"jetpack_social_post_already_shared":true,"jetpack_social_options":{"image_generator_settings":{"template":"highway","enabled":false},"version":2}},"categories":[135,7,11],"tags":[],"class_list":["post-18883","post","type-post","status-publish","format-standard","has-post-thumbnail","hentry","category-lo-mas-leido","category-local","category-principal"],"jetpack_publicize_connections":[],"jetpack_sharing_enabled":true,"jetpack_featured_media_url":"https:\/\/i0.wp.com\/alcierrenoticias.com\/wp-content\/uploads\/2025\/11\/WhatsApp-Image-2025-11-13-at-7.36.30-PM.jpeg?fit=1280%2C854&ssl=1","amp_enabled":true,"_links":{"self":[{"href":"https:\/\/alcierrenoticias.com\/index.php\/wp-json\/wp\/v2\/posts\/18883","targetHints":{"allow":["GET"]}}],"collection":[{"href":"https:\/\/alcierrenoticias.com\/index.php\/wp-json\/wp\/v2\/posts"}],"about":[{"href":"https:\/\/alcierrenoticias.com\/index.php\/wp-json\/wp\/v2\/types\/post"}],"author":[{"embeddable":true,"href":"https:\/\/alcierrenoticias.com\/index.php\/wp-json\/wp\/v2\/users\/2"}],"replies":[{"embeddable":true,"href":"https:\/\/alcierrenoticias.com\/index.php\/wp-json\/wp\/v2\/comments?post=18883"}],"version-history":[{"count":2,"href":"https:\/\/alcierrenoticias.com\/index.php\/wp-json\/wp\/v2\/posts\/18883\/revisions"}],"predecessor-version":[{"id":18886,"href":"https:\/\/alcierrenoticias.com\/index.php\/wp-json\/wp\/v2\/posts\/18883\/revisions\/18886"}],"wp:featuredmedia":[{"embeddable":true,"href":"https:\/\/alcierrenoticias.com\/index.php\/wp-json\/wp\/v2\/media\/18884"}],"wp:attachment":[{"href":"https:\/\/alcierrenoticias.com\/index.php\/wp-json\/wp\/v2\/media?parent=18883"}],"wp:term":[{"taxonomy":"category","embeddable":true,"href":"https:\/\/alcierrenoticias.com\/index.php\/wp-json\/wp\/v2\/categories?post=18883"},{"taxonomy":"post_tag","embeddable":true,"href":"https:\/\/alcierrenoticias.com\/index.php\/wp-json\/wp\/v2\/tags?post=18883"}],"curies":[{"name":"wp","href":"https:\/\/api.w.org\/{rel}","templated":true}]}}