{"id":18879,"date":"2025-11-13T18:40:11","date_gmt":"2025-11-14T00:40:11","guid":{"rendered":"https:\/\/alcierrenoticias.com\/?p=18879"},"modified":"2025-11-14T13:21:27","modified_gmt":"2025-11-14T19:21:27","slug":"mercadito-en-tu-colonia-llegara-este-jueves-13-de-noviembre-a-las-300-pm-a-la-colonia-revolucion","status":"publish","type":"post","link":"https:\/\/alcierrenoticias.com\/index.php\/2025\/11\/13\/mercadito-en-tu-colonia-llegara-este-jueves-13-de-noviembre-a-las-300-pm-a-la-colonia-revolucion\/","title":{"rendered":"Mercadito en tu Colonia llegar\u00e1 este jueves 13 de noviembre a las 3:00 PM a la Colonia Revoluci\u00f3n."},"content":{"rendered":"<p>El Gobierno Municipal de Camargo, a trav\u00e9s de la Direcci\u00f3n de Desarrollo Humano, realizar\u00e1 una nueva edici\u00f3n del Mercadito en tu Colonia este jueves 13 de noviembre a las 3:00 de la tarde en la Escuela Primaria Alfonso N. Urueta, ubicada en la Colonia Revoluci\u00f3n.<\/p>\n<p>Durante la jornada se atender\u00e1 a las y los vecinos de las colonias Revoluci\u00f3n, Rivera del Conchos, Francisco I. Madero 1 y 2, Las Boquillas y Villas del Sol, quienes podr\u00e1n adquirir productos de la canasta b\u00e1sica a precios accesibles.<\/p>\n<p>El \u00fanico requisito para participar es presentar una copia de la credencial del INE.<\/p>\n<p>El presidente municipal Jorge Aldana destac\u00f3 que este programa tiene como objetivo apoyar la econom\u00eda familiar y mantener la cercan\u00eda con las y los camarguenses.<\/p>\n<p>\u201cSeguimos llevando estos beneficios a cada rinc\u00f3n de Camargo, fortaleciendo la econom\u00eda y el bienestar de nuestras familias\u201d, expres\u00f3 Aldana.<\/p>\n<p>Con el Mercadito en tu Colonia, el Gobierno Municipal reafirma su compromiso de seguir sumando por un Camargo m\u00e1s unido y solidario.<\/p>\n","protected":false},"excerpt":{"rendered":"<p>El Gobierno Municipal de Camargo, a trav\u00e9s de la Direcci\u00f3n de Desarrollo Humano, realizar\u00e1 una nueva edici\u00f3n del Mercadito en tu Colonia este jueves 13 de noviembre a las 3:00 de la tarde en la Escuela Primaria Alfonso N. Urueta, ubicada en la Colonia Revoluci\u00f3n. Durante la jornada se atender\u00e1 a las y los vecinos de las colonias Revoluci\u00f3n, Rivera del Conchos, Francisco I. Madero 1 y 2, Las Boquillas y Villas del Sol, quienes podr\u00e1n adquirir productos de la canasta b\u00e1sica a precios accesibles. El \u00fanico requisito para participar es presentar una copia de la credencial del INE. El presidente municipal Jorge Aldana destac\u00f3 que este programa tiene como objetivo apoyar la econom\u00eda familiar y mantener la cercan\u00eda con las y los camarguenses. \u201cSeguimos llevando estos beneficios a cada rinc\u00f3n de Camargo, fortaleciendo la econom\u00eda y el bienestar de nuestras familias\u201d, expres\u00f3 Aldana. Con el Mercadito en tu Colonia, el Gobierno Municipal reafirma su compromiso de seguir sumando por un Camargo m\u00e1s unido y solidario.<\/p>\n","protected":false},"author":2,"featured_media":18880,"comment_status":"open","ping_status":"open","sticky":false,"template":"","format":"standard","meta":{"_monsterinsights_skip_tracking":false,"_monsterinsights_sitenote_active":false,"_monsterinsights_sitenote_note":"","_monsterinsights_sitenote_category":0,"advanced_seo_description":"","jetpack_seo_html_title":"","jetpack_seo_noindex":false,"_jetpack_memberships_contains_paid_content":false,"footnotes":"","jetpack_publicize_message":"","jetpack_publicize_feature_enabled":true,"jetpack_social_post_already_shared":true,"jetpack_social_options":{"image_generator_settings":{"template":"highway","enabled":false},"version":2}},"categories":[8,135,11],"tags":[],"class_list":["post-18879","post","type-post","status-publish","format-standard","has-post-thumbnail","hentry","category-estado","category-lo-mas-leido","category-principal"],"jetpack_publicize_connections":[],"jetpack_sharing_enabled":true,"jetpack_featured_media_url":"https:\/\/i0.wp.com\/alcierrenoticias.com\/wp-content\/uploads\/2025\/11\/WhatsApp-Image-2025-11-13-at-6.31.53-PM-e1763148075649.jpeg?fit=400%2C500&ssl=1","amp_enabled":true,"_links":{"self":[{"href":"https:\/\/alcierrenoticias.com\/index.php\/wp-json\/wp\/v2\/posts\/18879","targetHints":{"allow":["GET"]}}],"collection":[{"href":"https:\/\/alcierrenoticias.com\/index.php\/wp-json\/wp\/v2\/posts"}],"about":[{"href":"https:\/\/alcierrenoticias.com\/index.php\/wp-json\/wp\/v2\/types\/post"}],"author":[{"embeddable":true,"href":"https:\/\/alcierrenoticias.com\/index.php\/wp-json\/wp\/v2\/users\/2"}],"replies":[{"embeddable":true,"href":"https:\/\/alcierrenoticias.com\/index.php\/wp-json\/wp\/v2\/comments?post=18879"}],"version-history":[{"count":1,"href":"https:\/\/alcierrenoticias.com\/index.php\/wp-json\/wp\/v2\/posts\/18879\/revisions"}],"predecessor-version":[{"id":18881,"href":"https:\/\/alcierrenoticias.com\/index.php\/wp-json\/wp\/v2\/posts\/18879\/revisions\/18881"}],"wp:featuredmedia":[{"embeddable":true,"href":"https:\/\/alcierrenoticias.com\/index.php\/wp-json\/wp\/v2\/media\/18880"}],"wp:attachment":[{"href":"https:\/\/alcierrenoticias.com\/index.php\/wp-json\/wp\/v2\/media?parent=18879"}],"wp:term":[{"taxonomy":"category","embeddable":true,"href":"https:\/\/alcierrenoticias.com\/index.php\/wp-json\/wp\/v2\/categories?post=18879"},{"taxonomy":"post_tag","embeddable":true,"href":"https:\/\/alcierrenoticias.com\/index.php\/wp-json\/wp\/v2\/tags?post=18879"}],"curies":[{"name":"wp","href":"https:\/\/api.w.org\/{rel}","templated":true}]}}