{"id":18875,"date":"2025-11-13T18:35:03","date_gmt":"2025-11-14T00:35:03","guid":{"rendered":"https:\/\/alcierrenoticias.com\/?p=18875"},"modified":"2025-11-14T13:18:56","modified_gmt":"2025-11-14T19:18:56","slug":"alcalde-jorge-aldana-y-la-gobernadora-maru-campos-impulsan-la-educacion-con-la-entrega-de-utiles-escolares-en-la-escuela-primaria-ignacia-rodriguez-lozoya","status":"publish","type":"post","link":"https:\/\/alcierrenoticias.com\/index.php\/2025\/11\/13\/alcalde-jorge-aldana-y-la-gobernadora-maru-campos-impulsan-la-educacion-con-la-entrega-de-utiles-escolares-en-la-escuela-primaria-ignacia-rodriguez-lozoya\/","title":{"rendered":"Alcalde Jorge Aldana y la Gobernadora Maru Campos impulsan la educaci\u00f3n con la entrega de \u00fatiles escolares en la Escuela Primaria Ignacia Rodr\u00edguez Lozoya."},"content":{"rendered":"<p>Con el firme compromiso de fortalecer la educaci\u00f3n y apoyar a las familias camarguenses, el alcalde Jorge Aldana encabez\u00f3 la entrega de \u00fatiles escolares en la Escuela Primaria Ignacia Rodr\u00edguez Lozoya, ubicada en la Colonia 4 Mipas, en coordinaci\u00f3n con el Gobierno del Estado que dirige la Gobernadora Maru Campos.<\/p>\n<p>Durante la actividad, se distribuyeron paquetes escolares completos y espec\u00edficos para cada grado, brindando a las y los alumnos las herramientas necesarias para iniciar el ciclo escolar con las mejores condiciones.<\/p>\n<p>El presidente municipal destac\u00f3 la importancia de trabajar de manera conjunta con el Gobierno del Estado, reconociendo el respaldo de la Gobernadora Maru Campos y de la Secretar\u00eda de Educaci\u00f3n para impulsar acciones que benefician directamente a la ni\u00f1ez y al desarrollo educativo de Camargo.<br \/>\n\u201cCuando los diferentes niveles de gobierno unimos esfuerzos, los resultados se ven reflejados en nuestras escuelas. Agradecemos a la Gobernadora Maru Campos por su compromiso con Camargo y por seguir sumando m\u00e1s por la educaci\u00f3n\u201d, expres\u00f3 el alcalde Jorge Aldana.<\/p>\n<p>Con esta entrega, el Gobierno Municipal de Camargo reafirma su compromiso de seguir gestionando programas y apoyos que fortalezcan la educaci\u00f3n, convencidos de que invertir en la ni\u00f1ez es construir un mejor futuro para todos.<\/p>\n","protected":false},"excerpt":{"rendered":"<p>Con el firme compromiso de fortalecer la educaci\u00f3n y apoyar a las familias camarguenses, el alcalde Jorge Aldana encabez\u00f3 la entrega de \u00fatiles escolares en la Escuela Primaria Ignacia Rodr\u00edguez Lozoya, ubicada en la Colonia 4 Mipas, en coordinaci\u00f3n con el Gobierno del Estado que dirige la Gobernadora Maru Campos. Durante la actividad, se distribuyeron paquetes escolares completos y espec\u00edficos para cada grado, brindando a las y los alumnos las herramientas necesarias para iniciar el ciclo escolar con las mejores condiciones. El presidente municipal destac\u00f3 la importancia de trabajar de manera conjunta con el Gobierno del Estado, reconociendo el respaldo de la Gobernadora Maru Campos y de la Secretar\u00eda de Educaci\u00f3n para impulsar acciones que benefician directamente a la ni\u00f1ez y al desarrollo educativo de Camargo. \u201cCuando los diferentes niveles de gobierno unimos esfuerzos, los resultados se ven reflejados en nuestras escuelas. Agradecemos a la Gobernadora Maru Campos por su compromiso con Camargo y por seguir sumando m\u00e1s por la educaci\u00f3n\u201d, expres\u00f3 el alcalde Jorge Aldana. Con esta entrega, el Gobierno Municipal de Camargo reafirma su compromiso de seguir gestionando programas y apoyos que fortalezcan la educaci\u00f3n, convencidos de que invertir en la ni\u00f1ez es construir un mejor futuro para todos.<\/p>\n","protected":false},"author":2,"featured_media":18876,"comment_status":"open","ping_status":"open","sticky":false,"template":"","format":"standard","meta":{"_monsterinsights_skip_tracking":false,"_monsterinsights_sitenote_active":false,"_monsterinsights_sitenote_note":"","_monsterinsights_sitenote_category":0,"advanced_seo_description":"","jetpack_seo_html_title":"","jetpack_seo_noindex":false,"_jetpack_memberships_contains_paid_content":false,"footnotes":"","jetpack_publicize_message":"","jetpack_publicize_feature_enabled":true,"jetpack_social_post_already_shared":true,"jetpack_social_options":{"image_generator_settings":{"template":"highway","enabled":false},"version":2}},"categories":[8,135,11],"tags":[],"class_list":["post-18875","post","type-post","status-publish","format-standard","has-post-thumbnail","hentry","category-estado","category-lo-mas-leido","category-principal"],"jetpack_publicize_connections":[],"jetpack_sharing_enabled":true,"jetpack_featured_media_url":"https:\/\/i0.wp.com\/alcierrenoticias.com\/wp-content\/uploads\/2025\/11\/WhatsApp-Image-2025-11-13-at-6.31.48-PM.jpeg?fit=1500%2C1000&ssl=1","amp_enabled":true,"_links":{"self":[{"href":"https:\/\/alcierrenoticias.com\/index.php\/wp-json\/wp\/v2\/posts\/18875","targetHints":{"allow":["GET"]}}],"collection":[{"href":"https:\/\/alcierrenoticias.com\/index.php\/wp-json\/wp\/v2\/posts"}],"about":[{"href":"https:\/\/alcierrenoticias.com\/index.php\/wp-json\/wp\/v2\/types\/post"}],"author":[{"embeddable":true,"href":"https:\/\/alcierrenoticias.com\/index.php\/wp-json\/wp\/v2\/users\/2"}],"replies":[{"embeddable":true,"href":"https:\/\/alcierrenoticias.com\/index.php\/wp-json\/wp\/v2\/comments?post=18875"}],"version-history":[{"count":2,"href":"https:\/\/alcierrenoticias.com\/index.php\/wp-json\/wp\/v2\/posts\/18875\/revisions"}],"predecessor-version":[{"id":18878,"href":"https:\/\/alcierrenoticias.com\/index.php\/wp-json\/wp\/v2\/posts\/18875\/revisions\/18878"}],"wp:featuredmedia":[{"embeddable":true,"href":"https:\/\/alcierrenoticias.com\/index.php\/wp-json\/wp\/v2\/media\/18876"}],"wp:attachment":[{"href":"https:\/\/alcierrenoticias.com\/index.php\/wp-json\/wp\/v2\/media?parent=18875"}],"wp:term":[{"taxonomy":"category","embeddable":true,"href":"https:\/\/alcierrenoticias.com\/index.php\/wp-json\/wp\/v2\/categories?post=18875"},{"taxonomy":"post_tag","embeddable":true,"href":"https:\/\/alcierrenoticias.com\/index.php\/wp-json\/wp\/v2\/tags?post=18875"}],"curies":[{"name":"wp","href":"https:\/\/api.w.org\/{rel}","templated":true}]}}