{"id":18851,"date":"2025-11-13T14:43:57","date_gmt":"2025-11-13T20:43:57","guid":{"rendered":"https:\/\/alcierrenoticias.com\/?p=18851"},"modified":"2025-11-14T13:03:39","modified_gmt":"2025-11-14T19:03:39","slug":"corre-camina-o-trota-este-viernes-en-la-comunidad-de-las-puentes-en-meoqui","status":"publish","type":"post","link":"https:\/\/alcierrenoticias.com\/index.php\/2025\/11\/13\/corre-camina-o-trota-este-viernes-en-la-comunidad-de-las-puentes-en-meoqui\/","title":{"rendered":"Corre, Camina o Trota este viernes en la comunidad de Las Puentes en Meoqui."},"content":{"rendered":"<p>Partir\u00e1n desde la nueva Unidad Deportiva a partir de las 5 de la tarde<\/p>\n<p>Con el objetivo de fomentar h\u00e1bitos saludables y continuar con el proceso de certificaci\u00f3n de Las Puentes como Comunidad Promotora de la Salud, el Gobierno Municipal de Meoqui, a trav\u00e9s de la Direcci\u00f3n de Salud, llevar\u00e1 a cabo la activaci\u00f3n \u201cCorre, Camina o Trota\u201d este viernes 14 de noviembre a las 5 de la tarde, partiendo desde la nueva Unidad Deportiva de la misma comunidad.<\/p>\n<p>\u201cEstamos concluyendo ya con las actividades para que en diciembre podamos izar la bandera blanca que nombra a Las Puentes como comunidad promotora de la salud. Este viernes realizaremos una actividad f\u00edsica saliendo de la unidad deportiva, recorriendo la calle Angelinas hasta las letras y de regreso\u201d, explic\u00f3 la directora de Salud Municipal, la Dra. Sayuri N\u00fa\u00f1ez, quien a\u00f1adi\u00f3 que la prioridad de la alcaldesa Miriam Soto siempre ha sido la salud de los meoquenses y crear espacios de recreaci\u00f3n para las familias.<\/p>\n<p>La funcionaria destac\u00f3 que el prop\u00f3sito principal es generar conciencia y sensibilizaci\u00f3n sobre la importancia de la actividad f\u00edsica en todas las edades: \u201cQueremos acostumbrar desde nuestros ni\u00f1os hasta los adultos mayores a realizar actividad f\u00edsica. Esta es una actividad m\u00e1s que se suma al plan de trabajo de la comunidad de Las Puentes en pro de la salud\u201d, se\u00f1al\u00f3.<\/p>\n<p>Finalmente, extendi\u00f3 la invitaci\u00f3n para toda la poblaci\u00f3n, quienes podr\u00e1n caminar, trotar, correr o participar en bicicleta, e incluso llevar carriolas o triciclos para que los m\u00e1s peque\u00f1os tambi\u00e9n se integren a este evento 100% familiar.<\/p>\n","protected":false},"excerpt":{"rendered":"<p>Partir\u00e1n desde la nueva Unidad Deportiva a partir de las 5 de la tarde Con el objetivo de fomentar h\u00e1bitos saludables y continuar con el proceso de certificaci\u00f3n de Las Puentes como Comunidad Promotora de la Salud, el Gobierno Municipal de Meoqui, a trav\u00e9s de la Direcci\u00f3n de Salud, llevar\u00e1 a cabo la activaci\u00f3n \u201cCorre, Camina o Trota\u201d este viernes 14 de noviembre a las 5 de la tarde, partiendo desde la nueva Unidad Deportiva de la misma comunidad. \u201cEstamos concluyendo ya con las actividades para que en diciembre podamos izar la bandera blanca que nombra a Las Puentes como comunidad promotora de la salud. Este viernes realizaremos una actividad f\u00edsica saliendo de la unidad deportiva, recorriendo la calle Angelinas hasta las letras y de regreso\u201d, explic\u00f3 la directora de Salud Municipal, la Dra. Sayuri N\u00fa\u00f1ez, quien a\u00f1adi\u00f3 que la prioridad de la alcaldesa Miriam Soto siempre ha sido la salud de los meoquenses y crear espacios de recreaci\u00f3n para las familias. La funcionaria destac\u00f3 que el prop\u00f3sito principal es generar conciencia y sensibilizaci\u00f3n sobre la importancia de la actividad f\u00edsica en todas las edades: \u201cQueremos acostumbrar desde nuestros ni\u00f1os hasta los adultos mayores a realizar actividad f\u00edsica. Esta es una actividad m\u00e1s que se suma al plan de trabajo de la comunidad de Las Puentes en pro de la salud\u201d, se\u00f1al\u00f3. Finalmente, extendi\u00f3 la invitaci\u00f3n para toda la poblaci\u00f3n, quienes podr\u00e1n caminar, trotar, correr o participar en bicicleta, e incluso llevar carriolas o triciclos para que los m\u00e1s peque\u00f1os tambi\u00e9n se integren a este evento 100% familiar.<\/p>\n","protected":false},"author":2,"featured_media":18852,"comment_status":"open","ping_status":"open","sticky":false,"template":"","format":"standard","meta":{"_monsterinsights_skip_tracking":false,"_monsterinsights_sitenote_active":false,"_monsterinsights_sitenote_note":"","_monsterinsights_sitenote_category":0,"advanced_seo_description":"","jetpack_seo_html_title":"","jetpack_seo_noindex":false,"_jetpack_memberships_contains_paid_content":false,"footnotes":"","jetpack_publicize_message":"","jetpack_publicize_feature_enabled":true,"jetpack_social_post_already_shared":true,"jetpack_social_options":{"image_generator_settings":{"template":"highway","enabled":false},"version":2}},"categories":[135,7,11],"tags":[],"class_list":["post-18851","post","type-post","status-publish","format-standard","has-post-thumbnail","hentry","category-lo-mas-leido","category-local","category-principal"],"jetpack_publicize_connections":[],"jetpack_sharing_enabled":true,"jetpack_featured_media_url":"https:\/\/i0.wp.com\/alcierrenoticias.com\/wp-content\/uploads\/2025\/11\/WhatsApp-Image-2025-11-13-at-2.32.42-PM-e1763147011656.jpeg?fit=500%2C500&ssl=1","amp_enabled":true,"_links":{"self":[{"href":"https:\/\/alcierrenoticias.com\/index.php\/wp-json\/wp\/v2\/posts\/18851","targetHints":{"allow":["GET"]}}],"collection":[{"href":"https:\/\/alcierrenoticias.com\/index.php\/wp-json\/wp\/v2\/posts"}],"about":[{"href":"https:\/\/alcierrenoticias.com\/index.php\/wp-json\/wp\/v2\/types\/post"}],"author":[{"embeddable":true,"href":"https:\/\/alcierrenoticias.com\/index.php\/wp-json\/wp\/v2\/users\/2"}],"replies":[{"embeddable":true,"href":"https:\/\/alcierrenoticias.com\/index.php\/wp-json\/wp\/v2\/comments?post=18851"}],"version-history":[{"count":2,"href":"https:\/\/alcierrenoticias.com\/index.php\/wp-json\/wp\/v2\/posts\/18851\/revisions"}],"predecessor-version":[{"id":18854,"href":"https:\/\/alcierrenoticias.com\/index.php\/wp-json\/wp\/v2\/posts\/18851\/revisions\/18854"}],"wp:featuredmedia":[{"embeddable":true,"href":"https:\/\/alcierrenoticias.com\/index.php\/wp-json\/wp\/v2\/media\/18852"}],"wp:attachment":[{"href":"https:\/\/alcierrenoticias.com\/index.php\/wp-json\/wp\/v2\/media?parent=18851"}],"wp:term":[{"taxonomy":"category","embeddable":true,"href":"https:\/\/alcierrenoticias.com\/index.php\/wp-json\/wp\/v2\/categories?post=18851"},{"taxonomy":"post_tag","embeddable":true,"href":"https:\/\/alcierrenoticias.com\/index.php\/wp-json\/wp\/v2\/tags?post=18851"}],"curies":[{"name":"wp","href":"https:\/\/api.w.org\/{rel}","templated":true}]}}