{"id":18815,"date":"2025-11-12T14:30:13","date_gmt":"2025-11-12T20:30:13","guid":{"rendered":"https:\/\/alcierrenoticias.com\/?p=18815"},"modified":"2025-11-14T11:58:31","modified_gmt":"2025-11-14T17:58:31","slug":"lleva-gobierno-estatal-y-municipal-jornada-de-entrega-de-apoyos-alimentarios-a-grupos-vulnerables","status":"publish","type":"post","link":"https:\/\/alcierrenoticias.com\/index.php\/2025\/11\/12\/lleva-gobierno-estatal-y-municipal-jornada-de-entrega-de-apoyos-alimentarios-a-grupos-vulnerables\/","title":{"rendered":"Lleva Gobierno Estatal y Municipal jornada de entrega de apoyos alimentarios a grupos vulnerables."},"content":{"rendered":"<p>Decenas de familias acudieron al Gimnasio Municipal para recibir los apoyos alimentarios que el Gobierno del Estado, en coordinaci\u00f3n con el Municipio de Delicias, destin\u00f3 a personas con discapacidad y adultos mayores. Pilar Casta\u00f1eda, titular del \u00e1rea de Grupos Vulnerables, inform\u00f3 que se trata de la cuarta y \u00faltima entrega del a\u00f1o, en un ambiente de orden, empat\u00eda y atenci\u00f3n cercana hacia quienes m\u00e1s lo necesitan.<\/p>\n<p>La funcionaria detall\u00f3 que este mi\u00e9rcoles se realiz\u00f3 la entrega para personas con discapacidad hasta las 3 de la tarde, mientras que este jueves continuar\u00e1 la entrega de apoyos dirigida a personas adultas mayores, en horario de 9:00 de la ma\u00f1ana a 3:00 de la tarde. \u201cLa atenci\u00f3n ha sido muy r\u00e1pida y fluida, gracias al apoyo de personal de Gobierno del Estado y de la Presidencia Municipal encabezada por nuestro alcalde Jes\u00fas Valenciano\u201d, destac\u00f3.<\/p>\n<p>Casta\u00f1eda se\u00f1al\u00f3 que las personas con discapacidad que no pudieron acudir este mi\u00e9rcoles podr\u00e1n presentarse ma\u00f1ana a partir de las 11:00 de la ma\u00f1ana. En caso de que el beneficiario no pueda asistir personalmente, se permitir\u00e1 la entrega del apoyo a un tercero que presente carta poder simple, firmada por el doctor y el beneficiario, acompa\u00f1ada de copias de credencial de elector de ambos.<\/p>\n<p>Resalt\u00f3 que la jornada se ha desarrollado sin contratiempos, sin filas ni aglomeraciones, lo que ha permitido brindar un servicio m\u00e1s humano y eficiente. \u201cHa venido bastante gente y afortunadamente todo ha fluido muy bien, estamos muy contentos con la respuesta y la organizaci\u00f3n\u201d, afirm\u00f3 la titular de Grupos Vulnerables.<\/p>\n<p>Finalmente, exhort\u00f3 a las personas interesadas a mantenerse pendientes para el pr\u00f3ximo a\u00f1o, ya que se espera que la nueva convocatoria se publique entre mediados y finales de enero. \u201cLes pedimos estar atentos a los avisos del Gobierno del Estado y comunicarse a la Presidencia Municipal o acudir directamente a nuestras oficinas de Grupos Vulnerables para recibir toda la informaci\u00f3n y no quedarse fuera de este beneficio\u201d, concluy\u00f3.<\/p>\n","protected":false},"excerpt":{"rendered":"<p>Decenas de familias acudieron al Gimnasio Municipal para recibir los apoyos alimentarios que el Gobierno del Estado, en coordinaci\u00f3n con el Municipio de Delicias, destin\u00f3 a personas con discapacidad y adultos mayores. Pilar Casta\u00f1eda, titular del \u00e1rea de Grupos Vulnerables, inform\u00f3 que se trata de la cuarta y \u00faltima entrega del a\u00f1o, en un ambiente de orden, empat\u00eda y atenci\u00f3n cercana hacia quienes m\u00e1s lo necesitan. La funcionaria detall\u00f3 que este mi\u00e9rcoles se realiz\u00f3 la entrega para personas con discapacidad hasta las 3 de la tarde, mientras que este jueves continuar\u00e1 la entrega de apoyos dirigida a personas adultas mayores, en horario de 9:00 de la ma\u00f1ana a 3:00 de la tarde. \u201cLa atenci\u00f3n ha sido muy r\u00e1pida y fluida, gracias al apoyo de personal de Gobierno del Estado y de la Presidencia Municipal encabezada por nuestro alcalde Jes\u00fas Valenciano\u201d, destac\u00f3. Casta\u00f1eda se\u00f1al\u00f3 que las personas con discapacidad que no pudieron acudir este mi\u00e9rcoles podr\u00e1n presentarse ma\u00f1ana a partir de las 11:00 de la ma\u00f1ana. En caso de que el beneficiario no pueda asistir personalmente, se permitir\u00e1 la entrega del apoyo a un tercero que presente carta poder simple, firmada por el doctor y el beneficiario, acompa\u00f1ada de copias de credencial de elector de ambos. Resalt\u00f3 que la jornada se ha desarrollado sin contratiempos, sin filas ni aglomeraciones, lo que ha permitido brindar un servicio m\u00e1s humano y eficiente. \u201cHa venido bastante gente y afortunadamente todo ha fluido muy bien, estamos muy contentos con la respuesta y la organizaci\u00f3n\u201d, afirm\u00f3 la titular de Grupos Vulnerables. Finalmente, exhort\u00f3 a las personas interesadas a mantenerse pendientes para el pr\u00f3ximo a\u00f1o, ya que se espera que la nueva convocatoria se publique entre mediados y finales de enero. \u201cLes pedimos estar atentos a los avisos del Gobierno del Estado y comunicarse a la Presidencia Municipal o acudir directamente a nuestras oficinas de Grupos Vulnerables para recibir toda la informaci\u00f3n y no quedarse fuera de este beneficio\u201d, concluy\u00f3.<\/p>\n","protected":false},"author":2,"featured_media":18816,"comment_status":"open","ping_status":"open","sticky":false,"template":"","format":"standard","meta":{"_monsterinsights_skip_tracking":false,"_monsterinsights_sitenote_active":false,"_monsterinsights_sitenote_note":"","_monsterinsights_sitenote_category":0,"advanced_seo_description":"","jetpack_seo_html_title":"","jetpack_seo_noindex":false,"_jetpack_memberships_contains_paid_content":false,"footnotes":"","jetpack_publicize_message":"","jetpack_publicize_feature_enabled":true,"jetpack_social_post_already_shared":true,"jetpack_social_options":{"image_generator_settings":{"template":"highway","enabled":false},"version":2}},"categories":[135,7,11],"tags":[],"class_list":["post-18815","post","type-post","status-publish","format-standard","has-post-thumbnail","hentry","category-lo-mas-leido","category-local","category-principal"],"jetpack_publicize_connections":[],"jetpack_sharing_enabled":true,"jetpack_featured_media_url":"https:\/\/i0.wp.com\/alcierrenoticias.com\/wp-content\/uploads\/2025\/11\/WhatsApp-Image-2025-11-12-at-2.27.48-PM.jpeg?fit=2560%2C1920&ssl=1","amp_enabled":true,"_links":{"self":[{"href":"https:\/\/alcierrenoticias.com\/index.php\/wp-json\/wp\/v2\/posts\/18815","targetHints":{"allow":["GET"]}}],"collection":[{"href":"https:\/\/alcierrenoticias.com\/index.php\/wp-json\/wp\/v2\/posts"}],"about":[{"href":"https:\/\/alcierrenoticias.com\/index.php\/wp-json\/wp\/v2\/types\/post"}],"author":[{"embeddable":true,"href":"https:\/\/alcierrenoticias.com\/index.php\/wp-json\/wp\/v2\/users\/2"}],"replies":[{"embeddable":true,"href":"https:\/\/alcierrenoticias.com\/index.php\/wp-json\/wp\/v2\/comments?post=18815"}],"version-history":[{"count":2,"href":"https:\/\/alcierrenoticias.com\/index.php\/wp-json\/wp\/v2\/posts\/18815\/revisions"}],"predecessor-version":[{"id":18818,"href":"https:\/\/alcierrenoticias.com\/index.php\/wp-json\/wp\/v2\/posts\/18815\/revisions\/18818"}],"wp:featuredmedia":[{"embeddable":true,"href":"https:\/\/alcierrenoticias.com\/index.php\/wp-json\/wp\/v2\/media\/18816"}],"wp:attachment":[{"href":"https:\/\/alcierrenoticias.com\/index.php\/wp-json\/wp\/v2\/media?parent=18815"}],"wp:term":[{"taxonomy":"category","embeddable":true,"href":"https:\/\/alcierrenoticias.com\/index.php\/wp-json\/wp\/v2\/categories?post=18815"},{"taxonomy":"post_tag","embeddable":true,"href":"https:\/\/alcierrenoticias.com\/index.php\/wp-json\/wp\/v2\/tags?post=18815"}],"curies":[{"name":"wp","href":"https:\/\/api.w.org\/{rel}","templated":true}]}}