{"id":18799,"date":"2025-11-11T17:30:00","date_gmt":"2025-11-11T23:30:00","guid":{"rendered":"https:\/\/alcierrenoticias.com\/?p=18799"},"modified":"2025-11-14T11:49:26","modified_gmt":"2025-11-14T17:49:26","slug":"captura-medioambiente-a-perro-agresivo-y-llama-a-la-responsabilidad-de-los-duenos","status":"publish","type":"post","link":"https:\/\/alcierrenoticias.com\/index.php\/2025\/11\/11\/captura-medioambiente-a-perro-agresivo-y-llama-a-la-responsabilidad-de-los-duenos\/","title":{"rendered":"Captura Medioambiente a perro agresivo y llama a la responsabilidad de los due\u00f1os."},"content":{"rendered":"<p>Personal del \u00e1rea de Medioambiente del municipio de Delicias logr\u00f3 la captura y resguardo de un perro de raza pitbull que atac\u00f3 y mat\u00f3 a dos canes en la v\u00eda p\u00fablica, hecho que encendi\u00f3 la alerta sobre la importancia de la tenencia responsable de mascotas. El jefe del \u00e1rea, Juan Torrecillas, inform\u00f3 que el animal fue trasladado al Centro de Rescate Animal para su valoraci\u00f3n m\u00e9dica y observaci\u00f3n.<\/p>\n<p>Juan Torrecillas explic\u00f3 que este tipo de situaciones, lamentablemente, son consecuencia directa de la falta de responsabilidad de algunos propietarios que permiten que sus perros salgan sin supervisi\u00f3n o los cr\u00edan con conductas agresivas. \u201cEs muy importante no tener a nuestros perros en la v\u00eda p\u00fablica porque justamente pasan estos acontecimientos. Al hacerlo, no solo se pone en riesgo a otros animales, sino tambi\u00e9n a personas\u201d, subray\u00f3.<\/p>\n<p>Detall\u00f3 que el procedimiento establece que los perros agresivos deben permanecer en observaci\u00f3n por al menos 15 d\u00edas para descartar enfermedades como la rabia. Posteriormente, son evaluados por un entrenador canino que determina si pueden ser adoptados o si, en casos extremos de agresividad, deben ser sacrificados. \u201cSiempre lo dejamos como \u00faltima opci\u00f3n. En el Centro de Rescate Animal hay perros que llevan meses esperando adopci\u00f3n\u201d, agreg\u00f3.<\/p>\n<p>El funcionario record\u00f3 que actualmente los due\u00f1os que incurren en omisi\u00f3n de cuidados pueden ser sancionados conforme al reglamento municipal. Las penalizaciones van desde multas econ\u00f3micas hasta trabajo comunitario o clausura parcial de domicilios. \u201cYa no solo se lleva al perro, tambi\u00e9n se sanciona al propietario. Es una cuesti\u00f3n de empat\u00eda con la ciudadan\u00eda y con los animales\u201d, indic\u00f3.<\/p>\n<p>Finalmente, Torrecillas hizo un llamado a la poblaci\u00f3n a reportar casos de animales agresivos o en situaci\u00f3n de calle al n\u00famero 639-470-9183, disponible tambi\u00e9n v\u00eda WhatsApp. \u201cAdoptar implica una responsabilidad. Si damos alimento o refugio a un perro, ya asumimos su cuidado. Los animales no deben andar en la calle, y solo con la participaci\u00f3n ciudadana podremos evitar m\u00e1s tragedias como esta\u201d, concluy\u00f3.<\/p>\n","protected":false},"excerpt":{"rendered":"<p>Personal del \u00e1rea de Medioambiente del municipio de Delicias logr\u00f3 la captura y resguardo de un perro de raza pitbull que atac\u00f3 y mat\u00f3 a dos canes en la v\u00eda p\u00fablica, hecho que encendi\u00f3 la alerta sobre la importancia de la tenencia responsable de mascotas. El jefe del \u00e1rea, Juan Torrecillas, inform\u00f3 que el animal fue trasladado al Centro de Rescate Animal para su valoraci\u00f3n m\u00e9dica y observaci\u00f3n. Juan Torrecillas explic\u00f3 que este tipo de situaciones, lamentablemente, son consecuencia directa de la falta de responsabilidad de algunos propietarios que permiten que sus perros salgan sin supervisi\u00f3n o los cr\u00edan con conductas agresivas. \u201cEs muy importante no tener a nuestros perros en la v\u00eda p\u00fablica porque justamente pasan estos acontecimientos. Al hacerlo, no solo se pone en riesgo a otros animales, sino tambi\u00e9n a personas\u201d, subray\u00f3. Detall\u00f3 que el procedimiento establece que los perros agresivos deben permanecer en observaci\u00f3n por al menos 15 d\u00edas para descartar enfermedades como la rabia. Posteriormente, son evaluados por un entrenador canino que determina si pueden ser adoptados o si, en casos extremos de agresividad, deben ser sacrificados. \u201cSiempre lo dejamos como \u00faltima opci\u00f3n. En el Centro de Rescate Animal hay perros que llevan meses esperando adopci\u00f3n\u201d, agreg\u00f3. El funcionario record\u00f3 que actualmente los due\u00f1os que incurren en omisi\u00f3n de cuidados pueden ser sancionados conforme al reglamento municipal. Las penalizaciones van desde multas econ\u00f3micas hasta trabajo comunitario o clausura parcial de domicilios. \u201cYa no solo se lleva al perro, tambi\u00e9n se sanciona al propietario. Es una cuesti\u00f3n de empat\u00eda con la ciudadan\u00eda y con los animales\u201d, indic\u00f3. Finalmente, Torrecillas hizo un llamado a la poblaci\u00f3n a reportar casos de animales agresivos o en situaci\u00f3n de calle al n\u00famero 639-470-9183, disponible tambi\u00e9n v\u00eda WhatsApp. \u201cAdoptar implica una responsabilidad. Si damos alimento o refugio a un perro, ya asumimos su cuidado. Los animales no deben andar en la calle, y solo con la participaci\u00f3n ciudadana podremos evitar m\u00e1s tragedias como esta\u201d, concluy\u00f3.<\/p>\n","protected":false},"author":2,"featured_media":18800,"comment_status":"open","ping_status":"open","sticky":false,"template":"","format":"standard","meta":{"_monsterinsights_skip_tracking":false,"_monsterinsights_sitenote_active":false,"_monsterinsights_sitenote_note":"","_monsterinsights_sitenote_category":0,"advanced_seo_description":"","jetpack_seo_html_title":"","jetpack_seo_noindex":false,"_jetpack_memberships_contains_paid_content":false,"footnotes":"","jetpack_publicize_message":"","jetpack_publicize_feature_enabled":true,"jetpack_social_post_already_shared":true,"jetpack_social_options":{"image_generator_settings":{"template":"highway","enabled":false},"version":2}},"categories":[135,7,11],"tags":[],"class_list":["post-18799","post","type-post","status-publish","format-standard","has-post-thumbnail","hentry","category-lo-mas-leido","category-local","category-principal"],"jetpack_publicize_connections":[],"jetpack_sharing_enabled":true,"jetpack_featured_media_url":"https:\/\/i0.wp.com\/alcierrenoticias.com\/wp-content\/uploads\/2025\/11\/WhatsApp-Image-2025-11-11-at-5.21.44-PM.jpeg?fit=1600%2C1200&ssl=1","amp_enabled":true,"_links":{"self":[{"href":"https:\/\/alcierrenoticias.com\/index.php\/wp-json\/wp\/v2\/posts\/18799","targetHints":{"allow":["GET"]}}],"collection":[{"href":"https:\/\/alcierrenoticias.com\/index.php\/wp-json\/wp\/v2\/posts"}],"about":[{"href":"https:\/\/alcierrenoticias.com\/index.php\/wp-json\/wp\/v2\/types\/post"}],"author":[{"embeddable":true,"href":"https:\/\/alcierrenoticias.com\/index.php\/wp-json\/wp\/v2\/users\/2"}],"replies":[{"embeddable":true,"href":"https:\/\/alcierrenoticias.com\/index.php\/wp-json\/wp\/v2\/comments?post=18799"}],"version-history":[{"count":2,"href":"https:\/\/alcierrenoticias.com\/index.php\/wp-json\/wp\/v2\/posts\/18799\/revisions"}],"predecessor-version":[{"id":18802,"href":"https:\/\/alcierrenoticias.com\/index.php\/wp-json\/wp\/v2\/posts\/18799\/revisions\/18802"}],"wp:featuredmedia":[{"embeddable":true,"href":"https:\/\/alcierrenoticias.com\/index.php\/wp-json\/wp\/v2\/media\/18800"}],"wp:attachment":[{"href":"https:\/\/alcierrenoticias.com\/index.php\/wp-json\/wp\/v2\/media?parent=18799"}],"wp:term":[{"taxonomy":"category","embeddable":true,"href":"https:\/\/alcierrenoticias.com\/index.php\/wp-json\/wp\/v2\/categories?post=18799"},{"taxonomy":"post_tag","embeddable":true,"href":"https:\/\/alcierrenoticias.com\/index.php\/wp-json\/wp\/v2\/tags?post=18799"}],"curies":[{"name":"wp","href":"https:\/\/api.w.org\/{rel}","templated":true}]}}