{"id":18777,"date":"2025-11-10T18:47:49","date_gmt":"2025-11-11T00:47:49","guid":{"rendered":"https:\/\/alcierrenoticias.com\/?p=18777"},"modified":"2025-11-11T16:04:34","modified_gmt":"2025-11-11T22:04:34","slug":"encabeza-delicias-celebracion-del-dia-del-libro-con-actividades-para-ninos-y-comunidades-rurales","status":"publish","type":"post","link":"https:\/\/alcierrenoticias.com\/index.php\/2025\/11\/10\/encabeza-delicias-celebracion-del-dia-del-libro-con-actividades-para-ninos-y-comunidades-rurales\/","title":{"rendered":"Encabeza Delicias celebraci\u00f3n del D\u00eda del Libro con actividades para ni\u00f1os y comunidades rurales."},"content":{"rendered":"<p>En el marco de la conmemoraci\u00f3n del D\u00eda Nacional del Libro, el Gobierno Municipal de Delicias, a trav\u00e9s del \u00e1rea de Bibliotecas, anunci\u00f3 una amplia jornada de actividades de fomento a la lectura que se desarrollar\u00e1n del 10 al 28 de noviembre. El anuncio fue encabezado por Tere Basald\u00faa, titular de Bibliotecas, acompa\u00f1ada por Mario Guill\u00e9n Porras, coordinador de Cultura, y Enrique Valenzuela L\u00f3pez, director de Desarrollo Humano y Bien Com\u00fan.<\/p>\n<p>El evento se llev\u00f3 a cabo en el Centro Cultural Cleof\u00e1s Villegas, donde alumnos de la Escuela Primaria Algodoneros 2080 los primeros en disfrutar los talleres y din\u00e1micas que forman parte de esta celebraci\u00f3n. Durante la presentaci\u00f3n, Basald\u00faa destac\u00f3 que la biblioteca municipal \u201cse convertir\u00e1 en una biblioteca port\u00e1til\u201d para visitar escuelas y colonias rurales como Estaci\u00f3n Armend\u00e1riz, El Alamito y Cuauht\u00e9moc, con el prop\u00f3sito de llevar el h\u00e1bito de la lectura a m\u00e1s ni\u00f1as y ni\u00f1os.<\/p>\n<p>Como parte de las actividades, se ofrecer\u00e1n talleres de alebrijes, lecturas en voz alta, narraciones orales y presentaciones de nuevas colecciones literarias, que fortalecer\u00e1n el acervo de la Biblioteca P\u00fablica Regional, la cual tambi\u00e9n da servicio a los municipios de Meoqui, Rosales, Saucillo y Julimes.<\/p>\n<p>Durante su intervenci\u00f3n, Mario Guill\u00e9n resalt\u00f3 que fomentar la lectura desde la ni\u00f1ez es una tarea fundamental para el desarrollo cultural y social del municipio, mientras que Enrique Valenzuela subray\u00f3 que el trabajo conjunto entre Cultura, Bibliotecas y Desarrollo Humano \u201cbusca acercar las letras, los valores y la imaginaci\u00f3n a cada rinc\u00f3n de Delicias\u201d.<\/p>\n<p>Finalmente, se record\u00f3 que este a\u00f1o el homenaje literario est\u00e1 dedicado a la escritora mexicana Elena Garro, una de las voces m\u00e1s importantes del realismo m\u00e1gico, y se invit\u00f3 a la comunidad a participar en las diversas actividades que se desarrollar\u00e1n durante todo el mes para celebrar el poder transformador de los libros.<\/p>\n","protected":false},"excerpt":{"rendered":"<p>En el marco de la conmemoraci\u00f3n del D\u00eda Nacional del Libro, el Gobierno Municipal de Delicias, a trav\u00e9s del \u00e1rea de Bibliotecas, anunci\u00f3 una amplia jornada de actividades de fomento a la lectura que se desarrollar\u00e1n del 10 al 28 de noviembre. El anuncio fue encabezado por Tere Basald\u00faa, titular de Bibliotecas, acompa\u00f1ada por Mario Guill\u00e9n Porras, coordinador de Cultura, y Enrique Valenzuela L\u00f3pez, director de Desarrollo Humano y Bien Com\u00fan. El evento se llev\u00f3 a cabo en el Centro Cultural Cleof\u00e1s Villegas, donde alumnos de la Escuela Primaria Algodoneros 2080 los primeros en disfrutar los talleres y din\u00e1micas que forman parte de esta celebraci\u00f3n. Durante la presentaci\u00f3n, Basald\u00faa destac\u00f3 que la biblioteca municipal \u201cse convertir\u00e1 en una biblioteca port\u00e1til\u201d para visitar escuelas y colonias rurales como Estaci\u00f3n Armend\u00e1riz, El Alamito y Cuauht\u00e9moc, con el prop\u00f3sito de llevar el h\u00e1bito de la lectura a m\u00e1s ni\u00f1as y ni\u00f1os. Como parte de las actividades, se ofrecer\u00e1n talleres de alebrijes, lecturas en voz alta, narraciones orales y presentaciones de nuevas colecciones literarias, que fortalecer\u00e1n el acervo de la Biblioteca P\u00fablica Regional, la cual tambi\u00e9n da servicio a los municipios de Meoqui, Rosales, Saucillo y Julimes. Durante su intervenci\u00f3n, Mario Guill\u00e9n resalt\u00f3 que fomentar la lectura desde la ni\u00f1ez es una tarea fundamental para el desarrollo cultural y social del municipio, mientras que Enrique Valenzuela subray\u00f3 que el trabajo conjunto entre Cultura, Bibliotecas y Desarrollo Humano \u201cbusca acercar las letras, los valores y la imaginaci\u00f3n a cada rinc\u00f3n de Delicias\u201d. Finalmente, se record\u00f3 que este a\u00f1o el homenaje literario est\u00e1 dedicado a la escritora mexicana Elena Garro, una de las voces m\u00e1s importantes del realismo m\u00e1gico, y se invit\u00f3 a la comunidad a participar en las diversas actividades que se desarrollar\u00e1n durante todo el mes para celebrar el poder transformador de los libros.<\/p>\n","protected":false},"author":2,"featured_media":18778,"comment_status":"open","ping_status":"open","sticky":false,"template":"","format":"standard","meta":{"_monsterinsights_skip_tracking":false,"_monsterinsights_sitenote_active":false,"_monsterinsights_sitenote_note":"","_monsterinsights_sitenote_category":0,"advanced_seo_description":"","jetpack_seo_html_title":"","jetpack_seo_noindex":false,"_jetpack_memberships_contains_paid_content":false,"footnotes":"","jetpack_publicize_message":"","jetpack_publicize_feature_enabled":true,"jetpack_social_post_already_shared":true,"jetpack_social_options":{"image_generator_settings":{"template":"highway","enabled":false},"version":2}},"categories":[135,7,11],"tags":[],"class_list":["post-18777","post","type-post","status-publish","format-standard","has-post-thumbnail","hentry","category-lo-mas-leido","category-local","category-principal"],"jetpack_publicize_connections":[],"jetpack_sharing_enabled":true,"jetpack_featured_media_url":"https:\/\/i0.wp.com\/alcierrenoticias.com\/wp-content\/uploads\/2025\/11\/WhatsApp-Image-2025-11-10-at-6.38.01-PM.jpeg?fit=1600%2C1066&ssl=1","amp_enabled":true,"_links":{"self":[{"href":"https:\/\/alcierrenoticias.com\/index.php\/wp-json\/wp\/v2\/posts\/18777","targetHints":{"allow":["GET"]}}],"collection":[{"href":"https:\/\/alcierrenoticias.com\/index.php\/wp-json\/wp\/v2\/posts"}],"about":[{"href":"https:\/\/alcierrenoticias.com\/index.php\/wp-json\/wp\/v2\/types\/post"}],"author":[{"embeddable":true,"href":"https:\/\/alcierrenoticias.com\/index.php\/wp-json\/wp\/v2\/users\/2"}],"replies":[{"embeddable":true,"href":"https:\/\/alcierrenoticias.com\/index.php\/wp-json\/wp\/v2\/comments?post=18777"}],"version-history":[{"count":2,"href":"https:\/\/alcierrenoticias.com\/index.php\/wp-json\/wp\/v2\/posts\/18777\/revisions"}],"predecessor-version":[{"id":18781,"href":"https:\/\/alcierrenoticias.com\/index.php\/wp-json\/wp\/v2\/posts\/18777\/revisions\/18781"}],"wp:featuredmedia":[{"embeddable":true,"href":"https:\/\/alcierrenoticias.com\/index.php\/wp-json\/wp\/v2\/media\/18778"}],"wp:attachment":[{"href":"https:\/\/alcierrenoticias.com\/index.php\/wp-json\/wp\/v2\/media?parent=18777"}],"wp:term":[{"taxonomy":"category","embeddable":true,"href":"https:\/\/alcierrenoticias.com\/index.php\/wp-json\/wp\/v2\/categories?post=18777"},{"taxonomy":"post_tag","embeddable":true,"href":"https:\/\/alcierrenoticias.com\/index.php\/wp-json\/wp\/v2\/tags?post=18777"}],"curies":[{"name":"wp","href":"https:\/\/api.w.org\/{rel}","templated":true}]}}