{"id":18771,"date":"2025-11-10T18:40:02","date_gmt":"2025-11-11T00:40:02","guid":{"rendered":"https:\/\/alcierrenoticias.com\/?p=18771"},"modified":"2025-11-11T15:49:41","modified_gmt":"2025-11-11T21:49:41","slug":"encabeza-dif-entrega-de-equipamiento-a-centro-de-rehabilitacion-en-delicias","status":"publish","type":"post","link":"https:\/\/alcierrenoticias.com\/index.php\/2025\/11\/10\/encabeza-dif-entrega-de-equipamiento-a-centro-de-rehabilitacion-en-delicias\/","title":{"rendered":"Encabeza DIF entrega de equipamiento a centro de rehabilitaci\u00f3n en Delicias."},"content":{"rendered":"<p>Con una inversi\u00f3n de 130 mil pesos, el DIF Estatal y el DIF Municipal de Delicias realizaron la entrega de equipamiento para el comedor comunitario del Centro de Rehabilitaci\u00f3n \u201cMi Casa es Tu Refugio, Ac\u00e9rcate A.C.\u201d, con el prop\u00f3sito de fortalecer la atenci\u00f3n alimentaria de las personas en proceso de rehabilitaci\u00f3n por adicciones.<\/p>\n<p>El evento fue encabezado por Alma Limas de Valenciano, presidenta del DIF Municipal, acompa\u00f1ada del presidente municipal Jes\u00fas Valenciano Garc\u00eda, diputado Roberto Carre\u00f3n y de Gustavo Enrique Rasc\u00f3n, director de Alimentaci\u00f3n y Desarrollo Comunitario del DIF Estatal. Tambi\u00e9n estuvieron presentes Isabel Mil\u00e1n, directora del centro, y los beneficiarios que actualmente reciben atenci\u00f3n en el lugar.<\/p>\n<p>El equipamiento entregado incluy\u00f3 una parrilla de gas, campana extractora, lavamanos, tarja doble, gabinete, tanque de gas, mesas de trabajo, refrigerador, regulador de voltaje y minisplit de 2 toneladas, entre otros utensilios que permitir\u00e1n mejorar las condiciones de operaci\u00f3n del comedor y garantizar una alimentaci\u00f3n adecuada a cerca de 40 personas beneficiarias, con posibilidad de ampliar la cobertura.<\/p>\n<p>Durante su mensaje, Alma Limas de Valenciano expres\u00f3 su reconocimiento al trabajo conjunto entre el DIF Estatal y el DIF Municipal, destacando que este tipo de apoyos no solo representan equipamiento, sino un respaldo humano a quienes enfrentan la dif\u00edcil batalla de superar las adicciones. \u201cEl DIF Municipal les dice que no est\u00e1n solos; estos proyectos dan vida, hacen familia y forman ciudadanos de bien\u201d, se\u00f1al\u00f3.<\/p>\n<p>Con esta acci\u00f3n, el Gobierno Municipal de Delicias y el DIF Estatal reafirman su compromiso con las instituciones que atienden a poblaci\u00f3n vulnerable, al impulsar espacios dignos y funcionales que contribuyan al bienestar, la alimentaci\u00f3n y la reinserci\u00f3n social de las personas atendidas.<\/p>\n","protected":false},"excerpt":{"rendered":"<p>Con una inversi\u00f3n de 130 mil pesos, el DIF Estatal y el DIF Municipal de Delicias realizaron la entrega de equipamiento para el comedor comunitario del Centro de Rehabilitaci\u00f3n \u201cMi Casa es Tu Refugio, Ac\u00e9rcate A.C.\u201d, con el prop\u00f3sito de fortalecer la atenci\u00f3n alimentaria de las personas en proceso de rehabilitaci\u00f3n por adicciones. El evento fue encabezado por Alma Limas de Valenciano, presidenta del DIF Municipal, acompa\u00f1ada del presidente municipal Jes\u00fas Valenciano Garc\u00eda, diputado Roberto Carre\u00f3n y de Gustavo Enrique Rasc\u00f3n, director de Alimentaci\u00f3n y Desarrollo Comunitario del DIF Estatal. Tambi\u00e9n estuvieron presentes Isabel Mil\u00e1n, directora del centro, y los beneficiarios que actualmente reciben atenci\u00f3n en el lugar. El equipamiento entregado incluy\u00f3 una parrilla de gas, campana extractora, lavamanos, tarja doble, gabinete, tanque de gas, mesas de trabajo, refrigerador, regulador de voltaje y minisplit de 2 toneladas, entre otros utensilios que permitir\u00e1n mejorar las condiciones de operaci\u00f3n del comedor y garantizar una alimentaci\u00f3n adecuada a cerca de 40 personas beneficiarias, con posibilidad de ampliar la cobertura. Durante su mensaje, Alma Limas de Valenciano expres\u00f3 su reconocimiento al trabajo conjunto entre el DIF Estatal y el DIF Municipal, destacando que este tipo de apoyos no solo representan equipamiento, sino un respaldo humano a quienes enfrentan la dif\u00edcil batalla de superar las adicciones. \u201cEl DIF Municipal les dice que no est\u00e1n solos; estos proyectos dan vida, hacen familia y forman ciudadanos de bien\u201d, se\u00f1al\u00f3. Con esta acci\u00f3n, el Gobierno Municipal de Delicias y el DIF Estatal reafirman su compromiso con las instituciones que atienden a poblaci\u00f3n vulnerable, al impulsar espacios dignos y funcionales que contribuyan al bienestar, la alimentaci\u00f3n y la reinserci\u00f3n social de las personas atendidas.<\/p>\n","protected":false},"author":2,"featured_media":18772,"comment_status":"open","ping_status":"open","sticky":false,"template":"","format":"standard","meta":{"_monsterinsights_skip_tracking":false,"_monsterinsights_sitenote_active":false,"_monsterinsights_sitenote_note":"","_monsterinsights_sitenote_category":0,"advanced_seo_description":"","jetpack_seo_html_title":"","jetpack_seo_noindex":false,"_jetpack_memberships_contains_paid_content":false,"footnotes":"","jetpack_publicize_message":"","jetpack_publicize_feature_enabled":true,"jetpack_social_post_already_shared":true,"jetpack_social_options":{"image_generator_settings":{"template":"highway","enabled":false},"version":2}},"categories":[135,7,11],"tags":[],"class_list":["post-18771","post","type-post","status-publish","format-standard","has-post-thumbnail","hentry","category-lo-mas-leido","category-local","category-principal"],"jetpack_publicize_connections":[],"jetpack_sharing_enabled":true,"jetpack_featured_media_url":"https:\/\/i0.wp.com\/alcierrenoticias.com\/wp-content\/uploads\/2025\/11\/WhatsApp-Image-2025-11-10-at-6.37.36-PM.jpeg?fit=1600%2C1066&ssl=1","amp_enabled":true,"_links":{"self":[{"href":"https:\/\/alcierrenoticias.com\/index.php\/wp-json\/wp\/v2\/posts\/18771","targetHints":{"allow":["GET"]}}],"collection":[{"href":"https:\/\/alcierrenoticias.com\/index.php\/wp-json\/wp\/v2\/posts"}],"about":[{"href":"https:\/\/alcierrenoticias.com\/index.php\/wp-json\/wp\/v2\/types\/post"}],"author":[{"embeddable":true,"href":"https:\/\/alcierrenoticias.com\/index.php\/wp-json\/wp\/v2\/users\/2"}],"replies":[{"embeddable":true,"href":"https:\/\/alcierrenoticias.com\/index.php\/wp-json\/wp\/v2\/comments?post=18771"}],"version-history":[{"count":1,"href":"https:\/\/alcierrenoticias.com\/index.php\/wp-json\/wp\/v2\/posts\/18771\/revisions"}],"predecessor-version":[{"id":18773,"href":"https:\/\/alcierrenoticias.com\/index.php\/wp-json\/wp\/v2\/posts\/18771\/revisions\/18773"}],"wp:featuredmedia":[{"embeddable":true,"href":"https:\/\/alcierrenoticias.com\/index.php\/wp-json\/wp\/v2\/media\/18772"}],"wp:attachment":[{"href":"https:\/\/alcierrenoticias.com\/index.php\/wp-json\/wp\/v2\/media?parent=18771"}],"wp:term":[{"taxonomy":"category","embeddable":true,"href":"https:\/\/alcierrenoticias.com\/index.php\/wp-json\/wp\/v2\/categories?post=18771"},{"taxonomy":"post_tag","embeddable":true,"href":"https:\/\/alcierrenoticias.com\/index.php\/wp-json\/wp\/v2\/tags?post=18771"}],"curies":[{"name":"wp","href":"https:\/\/api.w.org\/{rel}","templated":true}]}}