{"id":18767,"date":"2025-11-10T17:25:10","date_gmt":"2025-11-10T23:25:10","guid":{"rendered":"https:\/\/alcierrenoticias.com\/?p=18767"},"modified":"2025-11-11T15:38:45","modified_gmt":"2025-11-11T21:38:45","slug":"meoqui-ya-tiene-su-alebrije-carmen-segovia","status":"publish","type":"post","link":"https:\/\/alcierrenoticias.com\/index.php\/2025\/11\/10\/meoqui-ya-tiene-su-alebrije-carmen-segovia\/","title":{"rendered":"\u201cMeoqui ya tiene su alebrije\u201d: Carmen Segovia."},"content":{"rendered":"<p>Metzaca de San Pedro es el alebrije que result\u00f3 ganador en el concurso durante Festival &#8220;Almas de Fiesta en Meoqui&#8221;<\/p>\n<p>Carmen Segovia fue la ganadora del concurso de alebrijes realizado durante el Festival \u201cAlmas de Fiesta en Meoqui\u201d, presentando a Metzaca de San Pedro, el cual tiene forma de pelicano y contiene elementos representativos del municipio como el templo, el puente y referencias a la agricultura y ganader\u00eda, principal actividad econ\u00f3mica.<\/p>\n<p>Emocionada por la respuesta del p\u00fablico, la artista comparti\u00f3 que esta creaci\u00f3n surgi\u00f3 con el prop\u00f3sito de representar a la gente y los elementos naturales que caracterizan a la regi\u00f3n, destacando la presencia anual de los pel\u00edcanos, as\u00ed como figuras del folclor local como el Hombre Polilla: \u201cS\u00faper emocionada por este gran evento. Todas las personas aqu\u00ed en la ciudad quedaron encantadas con mi trabajo. Metzaca sali\u00f3 de una idea de representar a Meoqui, a su gente y a los recursos naturales de esta hermosa ciudad\u201d, expres\u00f3.<\/p>\n<p>La escultura incorpora diversos s\u00edmbolos de la ciudad, entre ellos el estampado del centro de la plaza, la catedral de Meoqui bajo la luna llena, y patas con forma de escamas de pescado, que aluden al significado espiritual de los r\u00edos como portales hacia el m\u00e1s all\u00e1: \u201cLos r\u00edos son las puertas al inframundo, una manera de transportarse y poder abrir ese hermoso portal cada a\u00f1o\u201d, explic\u00f3 la artista.<\/p>\n<p>La pieza \u201cMetzaka\u201d se encuentra actualmente en exhibici\u00f3n en la Presidencia Municipal de Meoqui, donde la ciudadan\u00eda puede visitarla, tomarse fotograf\u00edas y apreciar el talento local y regional que fortalece el arte y la cultura del municipio.<\/p>\n","protected":false},"excerpt":{"rendered":"<p>Metzaca de San Pedro es el alebrije que result\u00f3 ganador en el concurso durante Festival &#8220;Almas de Fiesta en Meoqui&#8221; Carmen Segovia fue la ganadora del concurso de alebrijes realizado durante el Festival \u201cAlmas de Fiesta en Meoqui\u201d, presentando a Metzaca de San Pedro, el cual tiene forma de pelicano y contiene elementos representativos del municipio como el templo, el puente y referencias a la agricultura y ganader\u00eda, principal actividad econ\u00f3mica. Emocionada por la respuesta del p\u00fablico, la artista comparti\u00f3 que esta creaci\u00f3n surgi\u00f3 con el prop\u00f3sito de representar a la gente y los elementos naturales que caracterizan a la regi\u00f3n, destacando la presencia anual de los pel\u00edcanos, as\u00ed como figuras del folclor local como el Hombre Polilla: \u201cS\u00faper emocionada por este gran evento. Todas las personas aqu\u00ed en la ciudad quedaron encantadas con mi trabajo. Metzaca sali\u00f3 de una idea de representar a Meoqui, a su gente y a los recursos naturales de esta hermosa ciudad\u201d, expres\u00f3. La escultura incorpora diversos s\u00edmbolos de la ciudad, entre ellos el estampado del centro de la plaza, la catedral de Meoqui bajo la luna llena, y patas con forma de escamas de pescado, que aluden al significado espiritual de los r\u00edos como portales hacia el m\u00e1s all\u00e1: \u201cLos r\u00edos son las puertas al inframundo, una manera de transportarse y poder abrir ese hermoso portal cada a\u00f1o\u201d, explic\u00f3 la artista. La pieza \u201cMetzaka\u201d se encuentra actualmente en exhibici\u00f3n en la Presidencia Municipal de Meoqui, donde la ciudadan\u00eda puede visitarla, tomarse fotograf\u00edas y apreciar el talento local y regional que fortalece el arte y la cultura del municipio.<\/p>\n","protected":false},"author":2,"featured_media":18768,"comment_status":"open","ping_status":"open","sticky":false,"template":"","format":"standard","meta":{"_monsterinsights_skip_tracking":false,"_monsterinsights_sitenote_active":false,"_monsterinsights_sitenote_note":"","_monsterinsights_sitenote_category":0,"advanced_seo_description":"","jetpack_seo_html_title":"","jetpack_seo_noindex":false,"_jetpack_memberships_contains_paid_content":false,"footnotes":"","jetpack_publicize_message":"","jetpack_publicize_feature_enabled":true,"jetpack_social_post_already_shared":true,"jetpack_social_options":{"image_generator_settings":{"template":"highway","enabled":false},"version":2}},"categories":[135,7,11],"tags":[],"class_list":["post-18767","post","type-post","status-publish","format-standard","has-post-thumbnail","hentry","category-lo-mas-leido","category-local","category-principal"],"jetpack_publicize_connections":[],"jetpack_sharing_enabled":true,"jetpack_featured_media_url":"https:\/\/i0.wp.com\/alcierrenoticias.com\/wp-content\/uploads\/2025\/11\/WhatsApp-Image-2025-11-10-at-5.18.51-PM.jpeg?fit=1280%2C853&ssl=1","amp_enabled":true,"_links":{"self":[{"href":"https:\/\/alcierrenoticias.com\/index.php\/wp-json\/wp\/v2\/posts\/18767","targetHints":{"allow":["GET"]}}],"collection":[{"href":"https:\/\/alcierrenoticias.com\/index.php\/wp-json\/wp\/v2\/posts"}],"about":[{"href":"https:\/\/alcierrenoticias.com\/index.php\/wp-json\/wp\/v2\/types\/post"}],"author":[{"embeddable":true,"href":"https:\/\/alcierrenoticias.com\/index.php\/wp-json\/wp\/v2\/users\/2"}],"replies":[{"embeddable":true,"href":"https:\/\/alcierrenoticias.com\/index.php\/wp-json\/wp\/v2\/comments?post=18767"}],"version-history":[{"count":2,"href":"https:\/\/alcierrenoticias.com\/index.php\/wp-json\/wp\/v2\/posts\/18767\/revisions"}],"predecessor-version":[{"id":18770,"href":"https:\/\/alcierrenoticias.com\/index.php\/wp-json\/wp\/v2\/posts\/18767\/revisions\/18770"}],"wp:featuredmedia":[{"embeddable":true,"href":"https:\/\/alcierrenoticias.com\/index.php\/wp-json\/wp\/v2\/media\/18768"}],"wp:attachment":[{"href":"https:\/\/alcierrenoticias.com\/index.php\/wp-json\/wp\/v2\/media?parent=18767"}],"wp:term":[{"taxonomy":"category","embeddable":true,"href":"https:\/\/alcierrenoticias.com\/index.php\/wp-json\/wp\/v2\/categories?post=18767"},{"taxonomy":"post_tag","embeddable":true,"href":"https:\/\/alcierrenoticias.com\/index.php\/wp-json\/wp\/v2\/tags?post=18767"}],"curies":[{"name":"wp","href":"https:\/\/api.w.org\/{rel}","templated":true}]}}