{"id":18754,"date":"2025-11-09T19:04:19","date_gmt":"2025-11-10T01:04:19","guid":{"rendered":"https:\/\/alcierrenoticias.com\/?p=18754"},"modified":"2025-11-11T15:26:20","modified_gmt":"2025-11-11T21:26:20","slug":"en-camargo-y-en-todo-chihuahua-el-pan-seguira-defendiendo-la-patria-la-familia-y-la-libertad-jorge-aldana","status":"publish","type":"post","link":"https:\/\/alcierrenoticias.com\/index.php\/2025\/11\/09\/en-camargo-y-en-todo-chihuahua-el-pan-seguira-defendiendo-la-patria-la-familia-y-la-libertad-jorge-aldana\/","title":{"rendered":"En Camargo y en todo Chihuahua el PAN seguir\u00e1 defendiendo la patria, la familia y la libertad: Jorge Aldana."},"content":{"rendered":"<p>\u00a1Miles de panistas marcharon por la libertad, la patria y la familia! Desde el Parque Lerdo hasta la Plaza de Armas, militantes y simpatizantes del Partido Acci\u00f3n Nacional se unieron en una gran manifestaci\u00f3n de unidad y compromiso con los valores que dan sentido a nuestra naci\u00f3n.<\/p>\n<p>Encabezados por la gobernadora Maru Campos, el presidente del PAN Jorge Romero, la presidente del CDE Daniela \u00c1lvarez, y el presidente municipal de Chihuahua Marco Bonilla, miles de chihuahuenses salieron a las calles para enviar un mensaje de esperanza, convicci\u00f3n y defensa de la democracia.<\/p>\n<p>El presidente municipal de Camargo, Jorge Aldana, particip\u00f3 junto a una importante representaci\u00f3n de militantes camarguenses, asegurando que \u201cen Camargo estamos listos para defender a Chihuahua y a M\u00e9xico, porque creemos en la libertad, en la familia y en el trabajo honesto que construye un mejor futuro para todos.\u201d<\/p>\n<p>Aldana destac\u00f3 que el PAN es hoy un movimiento vivo, fuerte y decidido a seguir conquistando desde las calles, con la fuerza de la gente y el amor por M\u00e9xico: \u201cHoy m\u00e1s que nunca, Acci\u00f3n Nacional demuestra que es la casa de todos los que creemos en los valores que forjaron este pa\u00eds: la libertad, la justicia y la solidaridad.\u201d<\/p>\n<p>La marcha se desarroll\u00f3 en un ambiente de entusiasmo, unidad y orgullo, con miles de banderas azules ondeando al ritmo de los gritos de #DefendamosM\u00e9xico, #PatriaFamiliaLibertad y #ChihuahuaNoSeRinde.<\/p>\n","protected":false},"excerpt":{"rendered":"<p>\u00a1Miles de panistas marcharon por la libertad, la patria y la familia! Desde el Parque Lerdo hasta la Plaza de Armas, militantes y simpatizantes del Partido Acci\u00f3n Nacional se unieron en una gran manifestaci\u00f3n de unidad y compromiso con los valores que dan sentido a nuestra naci\u00f3n. Encabezados por la gobernadora Maru Campos, el presidente del PAN Jorge Romero, la presidente del CDE Daniela \u00c1lvarez, y el presidente municipal de Chihuahua Marco Bonilla, miles de chihuahuenses salieron a las calles para enviar un mensaje de esperanza, convicci\u00f3n y defensa de la democracia. El presidente municipal de Camargo, Jorge Aldana, particip\u00f3 junto a una importante representaci\u00f3n de militantes camarguenses, asegurando que \u201cen Camargo estamos listos para defender a Chihuahua y a M\u00e9xico, porque creemos en la libertad, en la familia y en el trabajo honesto que construye un mejor futuro para todos.\u201d Aldana destac\u00f3 que el PAN es hoy un movimiento vivo, fuerte y decidido a seguir conquistando desde las calles, con la fuerza de la gente y el amor por M\u00e9xico: \u201cHoy m\u00e1s que nunca, Acci\u00f3n Nacional demuestra que es la casa de todos los que creemos en los valores que forjaron este pa\u00eds: la libertad, la justicia y la solidaridad.\u201d La marcha se desarroll\u00f3 en un ambiente de entusiasmo, unidad y orgullo, con miles de banderas azules ondeando al ritmo de los gritos de #DefendamosM\u00e9xico, #PatriaFamiliaLibertad y #ChihuahuaNoSeRinde.<\/p>\n","protected":false},"author":2,"featured_media":18755,"comment_status":"open","ping_status":"open","sticky":false,"template":"","format":"standard","meta":{"_monsterinsights_skip_tracking":false,"_monsterinsights_sitenote_active":false,"_monsterinsights_sitenote_note":"","_monsterinsights_sitenote_category":0,"advanced_seo_description":"","jetpack_seo_html_title":"","jetpack_seo_noindex":false,"_jetpack_memberships_contains_paid_content":false,"footnotes":"","jetpack_publicize_message":"","jetpack_publicize_feature_enabled":true,"jetpack_social_post_already_shared":true,"jetpack_social_options":{"image_generator_settings":{"template":"highway","enabled":false},"version":2}},"categories":[8,135,11],"tags":[],"class_list":["post-18754","post","type-post","status-publish","format-standard","has-post-thumbnail","hentry","category-estado","category-lo-mas-leido","category-principal"],"jetpack_publicize_connections":[],"jetpack_sharing_enabled":true,"jetpack_featured_media_url":"https:\/\/i0.wp.com\/alcierrenoticias.com\/wp-content\/uploads\/2025\/11\/WhatsApp-Image-2025-11-09-at-6.42.07-PM.jpeg?fit=1600%2C1066&ssl=1","amp_enabled":true,"_links":{"self":[{"href":"https:\/\/alcierrenoticias.com\/index.php\/wp-json\/wp\/v2\/posts\/18754","targetHints":{"allow":["GET"]}}],"collection":[{"href":"https:\/\/alcierrenoticias.com\/index.php\/wp-json\/wp\/v2\/posts"}],"about":[{"href":"https:\/\/alcierrenoticias.com\/index.php\/wp-json\/wp\/v2\/types\/post"}],"author":[{"embeddable":true,"href":"https:\/\/alcierrenoticias.com\/index.php\/wp-json\/wp\/v2\/users\/2"}],"replies":[{"embeddable":true,"href":"https:\/\/alcierrenoticias.com\/index.php\/wp-json\/wp\/v2\/comments?post=18754"}],"version-history":[{"count":2,"href":"https:\/\/alcierrenoticias.com\/index.php\/wp-json\/wp\/v2\/posts\/18754\/revisions"}],"predecessor-version":[{"id":18757,"href":"https:\/\/alcierrenoticias.com\/index.php\/wp-json\/wp\/v2\/posts\/18754\/revisions\/18757"}],"wp:featuredmedia":[{"embeddable":true,"href":"https:\/\/alcierrenoticias.com\/index.php\/wp-json\/wp\/v2\/media\/18755"}],"wp:attachment":[{"href":"https:\/\/alcierrenoticias.com\/index.php\/wp-json\/wp\/v2\/media?parent=18754"}],"wp:term":[{"taxonomy":"category","embeddable":true,"href":"https:\/\/alcierrenoticias.com\/index.php\/wp-json\/wp\/v2\/categories?post=18754"},{"taxonomy":"post_tag","embeddable":true,"href":"https:\/\/alcierrenoticias.com\/index.php\/wp-json\/wp\/v2\/tags?post=18754"}],"curies":[{"name":"wp","href":"https:\/\/api.w.org\/{rel}","templated":true}]}}