{"id":18750,"date":"2025-11-09T15:40:24","date_gmt":"2025-11-09T21:40:24","guid":{"rendered":"https:\/\/alcierrenoticias.com\/?p=18750"},"modified":"2025-11-11T15:23:52","modified_gmt":"2025-11-11T21:23:52","slug":"cientos-de-meoquenses-en-el-festival-almas-de-fiesta-en-meoqui","status":"publish","type":"post","link":"https:\/\/alcierrenoticias.com\/index.php\/2025\/11\/09\/cientos-de-meoquenses-en-el-festival-almas-de-fiesta-en-meoqui\/","title":{"rendered":"Cientos de meoquenses en el Festival \u201cAlmas de Fiesta en Meoqui\u201d."},"content":{"rendered":"<p>Las familias pudieron disfrutar de presentaciones art\u00edsticas y culturales a cargo del COBACH 28 y Misi\u00f3n Cultural No. 11<\/p>\n<p>En un ambiente lleno de color y tradici\u00f3n, m\u00e1s de 800 meoquenses y sus familias estuvieron presentes en el Festival \u201cAlmas de Fiesta en Meoqui\u201d, evento encabezado por la alcaldesa Miriam Soto, donde pudieron disfrutar de presentaciones art\u00edsticas y culturales a cargo del COBACH 28 y Misi\u00f3n Cultural No. 11, sumando esfuerzos con la Secretar\u00eda de Turismo de Gobierno del Estado, mediante el programa \u201cChihuahua es para Ti, Con\u00f3celo\u201d.<\/p>\n<p>\u201cMuy contenta porque nos encontramos en una celebraci\u00f3n muy importante para las tradiciones mexicanas, como es el D\u00eda de Muertos. Este es un espacio abierto para todas las familias, y muchas personas dedicaron tiempo y creatividad durante semanas para poder hacer este festival para toda nuestra gente de Meoqui\u201d, expres\u00f3 la alcaldesa.<\/p>\n<p>Asimismo, se llev\u00f3 a cabo un concurso de alebrijes, donde participaron 11 personas de Meoqui y la regi\u00f3n, resultando ganadora de 5 mil pesos Carmen Alhel\u00ed Rodr\u00edguez Segovia con su alebrije de un Pel\u00edcano.<\/p>\n<p>\u201cEs una suma de esfuerzos y voluntades para celebrar una de las tradiciones m\u00e1s bonitas de nuestro pa\u00eds. Parte de nuestra tranquilidad, de nuestra seguridad y de hacer comunidad est\u00e1 precisamente en este tipo de celebraciones, que son parte de nuestras ra\u00edces mexicanas\u201d, concluy\u00f3 la alcaldesa.<\/p>\n","protected":false},"excerpt":{"rendered":"<p>Las familias pudieron disfrutar de presentaciones art\u00edsticas y culturales a cargo del COBACH 28 y Misi\u00f3n Cultural No. 11 En un ambiente lleno de color y tradici\u00f3n, m\u00e1s de 800 meoquenses y sus familias estuvieron presentes en el Festival \u201cAlmas de Fiesta en Meoqui\u201d, evento encabezado por la alcaldesa Miriam Soto, donde pudieron disfrutar de presentaciones art\u00edsticas y culturales a cargo del COBACH 28 y Misi\u00f3n Cultural No. 11, sumando esfuerzos con la Secretar\u00eda de Turismo de Gobierno del Estado, mediante el programa \u201cChihuahua es para Ti, Con\u00f3celo\u201d. \u201cMuy contenta porque nos encontramos en una celebraci\u00f3n muy importante para las tradiciones mexicanas, como es el D\u00eda de Muertos. Este es un espacio abierto para todas las familias, y muchas personas dedicaron tiempo y creatividad durante semanas para poder hacer este festival para toda nuestra gente de Meoqui\u201d, expres\u00f3 la alcaldesa. Asimismo, se llev\u00f3 a cabo un concurso de alebrijes, donde participaron 11 personas de Meoqui y la regi\u00f3n, resultando ganadora de 5 mil pesos Carmen Alhel\u00ed Rodr\u00edguez Segovia con su alebrije de un Pel\u00edcano. \u201cEs una suma de esfuerzos y voluntades para celebrar una de las tradiciones m\u00e1s bonitas de nuestro pa\u00eds. Parte de nuestra tranquilidad, de nuestra seguridad y de hacer comunidad est\u00e1 precisamente en este tipo de celebraciones, que son parte de nuestras ra\u00edces mexicanas\u201d, concluy\u00f3 la alcaldesa.<\/p>\n","protected":false},"author":2,"featured_media":18751,"comment_status":"open","ping_status":"open","sticky":false,"template":"","format":"standard","meta":{"_monsterinsights_skip_tracking":false,"_monsterinsights_sitenote_active":false,"_monsterinsights_sitenote_note":"","_monsterinsights_sitenote_category":0,"advanced_seo_description":"","jetpack_seo_html_title":"","jetpack_seo_noindex":false,"_jetpack_memberships_contains_paid_content":false,"footnotes":"","jetpack_publicize_message":"","jetpack_publicize_feature_enabled":true,"jetpack_social_post_already_shared":true,"jetpack_social_options":{"image_generator_settings":{"template":"highway","enabled":false},"version":2}},"categories":[135,7,11],"tags":[],"class_list":["post-18750","post","type-post","status-publish","format-standard","has-post-thumbnail","hentry","category-lo-mas-leido","category-local","category-principal"],"jetpack_publicize_connections":[],"jetpack_sharing_enabled":true,"jetpack_featured_media_url":"https:\/\/i0.wp.com\/alcierrenoticias.com\/wp-content\/uploads\/2025\/11\/WhatsApp-Image-2025-11-09-at-3.36.04-PM.jpeg?fit=1280%2C853&ssl=1","amp_enabled":true,"_links":{"self":[{"href":"https:\/\/alcierrenoticias.com\/index.php\/wp-json\/wp\/v2\/posts\/18750","targetHints":{"allow":["GET"]}}],"collection":[{"href":"https:\/\/alcierrenoticias.com\/index.php\/wp-json\/wp\/v2\/posts"}],"about":[{"href":"https:\/\/alcierrenoticias.com\/index.php\/wp-json\/wp\/v2\/types\/post"}],"author":[{"embeddable":true,"href":"https:\/\/alcierrenoticias.com\/index.php\/wp-json\/wp\/v2\/users\/2"}],"replies":[{"embeddable":true,"href":"https:\/\/alcierrenoticias.com\/index.php\/wp-json\/wp\/v2\/comments?post=18750"}],"version-history":[{"count":2,"href":"https:\/\/alcierrenoticias.com\/index.php\/wp-json\/wp\/v2\/posts\/18750\/revisions"}],"predecessor-version":[{"id":18753,"href":"https:\/\/alcierrenoticias.com\/index.php\/wp-json\/wp\/v2\/posts\/18750\/revisions\/18753"}],"wp:featuredmedia":[{"embeddable":true,"href":"https:\/\/alcierrenoticias.com\/index.php\/wp-json\/wp\/v2\/media\/18751"}],"wp:attachment":[{"href":"https:\/\/alcierrenoticias.com\/index.php\/wp-json\/wp\/v2\/media?parent=18750"}],"wp:term":[{"taxonomy":"category","embeddable":true,"href":"https:\/\/alcierrenoticias.com\/index.php\/wp-json\/wp\/v2\/categories?post=18750"},{"taxonomy":"post_tag","embeddable":true,"href":"https:\/\/alcierrenoticias.com\/index.php\/wp-json\/wp\/v2\/tags?post=18750"}],"curies":[{"name":"wp","href":"https:\/\/api.w.org\/{rel}","templated":true}]}}